{"id":437,"date":"2013-03-27T19:28:50","date_gmt":"2013-03-27T19:28:50","guid":{"rendered":"http:\/\/www.ralfkropp.de\/radreisen\/wordpress\/?p=437"},"modified":"2013-05-23T14:48:51","modified_gmt":"2013-05-23T14:48:51","slug":"13-03-quaouizeght-marrakesch","status":"publish","type":"post","link":"http:\/\/www.ralfkropp.de\/radreisen\/wordpress\/13-03-quaouizeght-marrakesch\/","title":{"rendered":"13.03. Quaouizeght &#8211; Marrakesch"},"content":{"rendered":"<p><iframe loading=\"lazy\" src=\"http:\/\/www.gpsies.com\/mapOnly.do?fileId=bscdjgbvivaqcmcl\" width=\"600\" height=\"400\" frameborder=\"0\" scrolling=\"no\" marginheight=\"0\" marginwidth=\"0\"><\/iframe><br \/>\nWir lassen noch die am Vortag gewaschene W\u00e4sche trocknen und kommen so erst sp\u00e4t los. Alles bl\u00fcht am Seeufer und die Stra\u00dfe f\u00fchrt uns zur Staumauer. Je n\u00e4her wir ihr kommen desto mehr Luxushotels stehen dort, oder werden gerade gebaut. Direkt an der Staumauer machen wir noch eine Kaffeepause und erfahren, dass wir noch einen Pass hinauf m\u00fcssen und der hat es in sich. Es geht zwar gem\u00fctlich bergauf, daf\u00fcr aber kontinuierlich 15km lang. Sabine tut sich schwer, da ich auch mal eine Pause brauche und sie nicht an das Gummiseil nehme. Doch auch den Berg schafft sie und zusammen rasen wir den Berg hinunter, in einer rasanten Abfahrt.<a href=\"http:\/\/www.ralfkropp.de\/radreisen\/wordpress\/wp-content\/uploads\/2013\/03\/DSC08786.jpg\"><img decoding=\"async\" loading=\"lazy\" src=\"http:\/\/www.ralfkropp.de\/radreisen\/wordpress\/wp-content\/uploads\/2013\/03\/DSC08786-300x200.jpg\" alt=\"DSC08786\" width=\"300\" height=\"200\" class=\"alignnone size-medium wp-image-673\" srcset=\"http:\/\/www.ralfkropp.de\/radreisen\/wordpress\/wp-content\/uploads\/2013\/03\/DSC08786-300x200.jpg 300w, http:\/\/www.ralfkropp.de\/radreisen\/wordpress\/wp-content\/uploads\/2013\/03\/DSC08786-1024x682.jpg 1024w, http:\/\/www.ralfkropp.de\/radreisen\/wordpress\/wp-content\/uploads\/2013\/03\/DSC08786.jpg 1167w\" sizes=\"(max-width: 300px) 100vw, 300px\" \/><\/a><\/p>\n<p><a href=\"http:\/\/www.ralfkropp.de\/radreisen\/wordpress\/wp-content\/uploads\/2013\/03\/DSC08792.jpg\"><img decoding=\"async\" loading=\"lazy\" src=\"http:\/\/www.ralfkropp.de\/radreisen\/wordpress\/wp-content\/uploads\/2013\/03\/DSC08792-300x200.jpg\" alt=\"DSC08792\" width=\"300\" height=\"200\" class=\"alignnone size-medium wp-image-674\" srcset=\"http:\/\/www.ralfkropp.de\/radreisen\/wordpress\/wp-content\/uploads\/2013\/03\/DSC08792-300x200.jpg 300w, http:\/\/www.ralfkropp.de\/radreisen\/wordpress\/wp-content\/uploads\/2013\/03\/DSC08792-1024x682.jpg 1024w, http:\/\/www.ralfkropp.de\/radreisen\/wordpress\/wp-content\/uploads\/2013\/03\/DSC08792.jpg 1167w\" sizes=\"(max-width: 300px) 100vw, 300px\" \/><\/a><\/p>\n<p><a href=\"http:\/\/www.ralfkropp.de\/radreisen\/wordpress\/wp-content\/uploads\/2013\/03\/DSC08793.jpg\"><img decoding=\"async\" loading=\"lazy\" src=\"http:\/\/www.ralfkropp.de\/radreisen\/wordpress\/wp-content\/uploads\/2013\/03\/DSC08793-300x200.jpg\" alt=\"DSC08793\" width=\"300\" height=\"200\" class=\"alignnone size-medium wp-image-675\" srcset=\"http:\/\/www.ralfkropp.de\/radreisen\/wordpress\/wp-content\/uploads\/2013\/03\/DSC08793-300x200.jpg 300w, http:\/\/www.ralfkropp.de\/radreisen\/wordpress\/wp-content\/uploads\/2013\/03\/DSC08793-1024x682.jpg 1024w, http:\/\/www.ralfkropp.de\/radreisen\/wordpress\/wp-content\/uploads\/2013\/03\/DSC08793.jpg 1167w\" sizes=\"(max-width: 300px) 100vw, 300px\" \/><\/a><\/p>\n<p><a href=\"http:\/\/www.ralfkropp.de\/radreisen\/wordpress\/wp-content\/uploads\/2013\/03\/DSC08784.jpg\"><img decoding=\"async\" loading=\"lazy\" src=\"http:\/\/www.ralfkropp.de\/radreisen\/wordpress\/wp-content\/uploads\/2013\/03\/DSC08784-300x200.jpg\" alt=\"DSC08784\" width=\"300\" height=\"200\" class=\"alignnone size-medium wp-image-676\" srcset=\"http:\/\/www.ralfkropp.de\/radreisen\/wordpress\/wp-content\/uploads\/2013\/03\/DSC08784-300x200.jpg 300w, http:\/\/www.ralfkropp.de\/radreisen\/wordpress\/wp-content\/uploads\/2013\/03\/DSC08784.jpg 778w\" sizes=\"(max-width: 300px) 100vw, 300px\" \/><\/a> \u00dcberholen sogar einige Autos, oder werden von ihnen aus gebremst. Haben auch einige sch\u00f6ne Aussichten in die Ebene, denn der Atlas scheint einfach abrupt im Erdreich zu verschwinden. St\u00e4rken uns noch mal in Afourer und nehmen die 24km in der Ebene in Angriff. Dies Unterfangen wird zum Problem, da der Verkehr immer dichter wird. Die Sonne geht auch langsam unter. In einem Vorort von Beni Mellal herrscht dann das reine Chaos auf der Stra\u00dfe. Viele Jugendliche da Schulschlu\u00df oder Uni Ende. Dazu kommen noch Eselkarren, Mopets, Lkw`s, Pkw`s und wir. Es wird mir zu bunt und gef\u00e4hrlich. Drum versuche ich mein Gl\u00fcck ein Auto an zu halten, was uns mitnehmen k\u00f6nnte. Schaue mich um und winke mit dem Arm als ich einen Pickup kommen sehe. Der h\u00e4lt dann auch sofort an und wir laden die R\u00e4der auf, als wir klargemacht hatten, das wir nach Beni Mellal m\u00fcssen. Dort angekommen brauchen wir nur noch den Busbahnhof finden. Die R\u00e4der im Bus verstaut und schon geht es ab nach Marrakesch. Dort angekommen steigen wir im erstbesten Hotel ab, da es schon ziemlich sp\u00e4t geworden ist.<\/p>\n<div class=\"facebook-like\"><fb:like layout=\"standard\" show_faces=\"true\" href=\"http:\/\/www.ralfkropp.de\/radreisen\/wordpress\/13-03-quaouizeght-marrakesch\/\"><\/fb:like><\/div>","protected":false},"excerpt":{"rendered":"<p>Wir lassen noch die am Vortag gewaschene W\u00e4sche trocknen und kommen so erst sp\u00e4t los. Alles bl\u00fcht am Seeufer und die Stra\u00dfe f\u00fchrt uns zur Staumauer. Je n\u00e4her wir ihr kommen desto mehr Luxushotels stehen dort, oder werden gerade gebaut. [&hellip;] <a class=\"more-link\" href=\"http:\/\/www.ralfkropp.de\/radreisen\/wordpress\/13-03-quaouizeght-marrakesch\/\">Kompletten Beitrag lesen&#8230;<\/a><\/p>\n","protected":false},"author":1,"featured_media":0,"comment_status":"open","ping_status":"open","sticky":false,"template":"","format":"standard","meta":[],"categories":[7,1],"tags":[],"_links":{"self":[{"href":"http:\/\/www.ralfkropp.de\/radreisen\/wordpress\/wp-json\/wp\/v2\/posts\/437"}],"collection":[{"href":"http:\/\/www.ralfkropp.de\/radreisen\/wordpress\/wp-json\/wp\/v2\/posts"}],"about":[{"href":"http:\/\/www.ralfkropp.de\/radreisen\/wordpress\/wp-json\/wp\/v2\/types\/post"}],"author":[{"embeddable":true,"href":"http:\/\/www.ralfkropp.de\/radreisen\/wordpress\/wp-json\/wp\/v2\/users\/1"}],"replies":[{"embeddable":true,"href":"http:\/\/www.ralfkropp.de\/radreisen\/wordpress\/wp-json\/wp\/v2\/comments?post=437"}],"version-history":[{"count":4,"href":"http:\/\/www.ralfkropp.de\/radreisen\/wordpress\/wp-json\/wp\/v2\/posts\/437\/revisions"}],"predecessor-version":[{"id":677,"href":"http:\/\/www.ralfkropp.de\/radreisen\/wordpress\/wp-json\/wp\/v2\/posts\/437\/revisions\/677"}],"wp:attachment":[{"href":"http:\/\/www.ralfkropp.de\/radreisen\/wordpress\/wp-json\/wp\/v2\/media?parent=437"}],"wp:term":[{"taxonomy":"category","embeddable":true,"href":"http:\/\/www.ralfkropp.de\/radreisen\/wordpress\/wp-json\/wp\/v2\/categories?post=437"},{"taxonomy":"post_tag","embeddable":true,"href":"http:\/\/www.ralfkropp.de\/radreisen\/wordpress\/wp-json\/wp\/v2\/tags?post=437"}],"curies":[{"name":"wp","href":"https:\/\/api.w.org\/{rel}","templated":true}]}}