{"id":439,"date":"2013-03-27T19:31:26","date_gmt":"2013-03-27T19:31:26","guid":{"rendered":"http:\/\/www.ralfkropp.de\/radreisen\/wordpress\/?p=439"},"modified":"2013-05-23T14:56:49","modified_gmt":"2013-05-23T14:56:49","slug":"14-03-marrakesch","status":"publish","type":"post","link":"http:\/\/www.ralfkropp.de\/radreisen\/wordpress\/14-03-marrakesch\/","title":{"rendered":"14.03. Marrakesch"},"content":{"rendered":"<p>Das Fr\u00fchst\u00fcck in dem gro\u00dfen Hotel taugt nicht all zu viel. Radeln durch die Palmerie. Doch au\u00dfer Clubanlagen finden wir den Campingplatz nicht. Erst ein Taxifahrer gibt uns den entscheidenden Tipp. Die Palmerie haben wir verlassen und es sieht nicht nach Campingplatz aus, doch da ist er dann hinter einer Mauer versteckt. Eine Oase im Nichts. Swimmingpool, Blumen, Liegen und B\u00e4nke unter Palmen. Einfach genial. Nachmittags fahren wir noch mal nach Marrakesch rein. Als wir die Mauer der Innenstadt durchfahren, sind wir pl\u00f6tzlich in einer anderen Welt.<a href=\"http:\/\/www.ralfkropp.de\/radreisen\/wordpress\/wp-content\/uploads\/2013\/03\/DSC08802.jpg\"><img decoding=\"async\" loading=\"lazy\" src=\"http:\/\/www.ralfkropp.de\/radreisen\/wordpress\/wp-content\/uploads\/2013\/03\/DSC08802-300x200.jpg\" alt=\"DSC08802\" width=\"300\" height=\"200\" class=\"alignnone size-medium wp-image-678\" srcset=\"http:\/\/www.ralfkropp.de\/radreisen\/wordpress\/wp-content\/uploads\/2013\/03\/DSC08802-300x200.jpg 300w, http:\/\/www.ralfkropp.de\/radreisen\/wordpress\/wp-content\/uploads\/2013\/03\/DSC08802-1024x682.jpg 1024w, http:\/\/www.ralfkropp.de\/radreisen\/wordpress\/wp-content\/uploads\/2013\/03\/DSC08802.jpg 1167w\" sizes=\"(max-width: 300px) 100vw, 300px\" \/><\/a><\/p>\n<p><a href=\"http:\/\/www.ralfkropp.de\/radreisen\/wordpress\/wp-content\/uploads\/2013\/03\/DSC08810.jpg\"><img decoding=\"async\" loading=\"lazy\" src=\"http:\/\/www.ralfkropp.de\/radreisen\/wordpress\/wp-content\/uploads\/2013\/03\/DSC08810-300x200.jpg\" alt=\"DSC08810\" width=\"300\" height=\"200\" class=\"alignnone size-medium wp-image-679\" srcset=\"http:\/\/www.ralfkropp.de\/radreisen\/wordpress\/wp-content\/uploads\/2013\/03\/DSC08810-300x200.jpg 300w, http:\/\/www.ralfkropp.de\/radreisen\/wordpress\/wp-content\/uploads\/2013\/03\/DSC08810-1024x682.jpg 1024w, http:\/\/www.ralfkropp.de\/radreisen\/wordpress\/wp-content\/uploads\/2013\/03\/DSC08810.jpg 1167w\" sizes=\"(max-width: 300px) 100vw, 300px\" \/><\/a><\/p>\n<p><a href=\"http:\/\/www.ralfkropp.de\/radreisen\/wordpress\/wp-content\/uploads\/2013\/03\/DSC08813.jpg\"><img decoding=\"async\" loading=\"lazy\" src=\"http:\/\/www.ralfkropp.de\/radreisen\/wordpress\/wp-content\/uploads\/2013\/03\/DSC08813-300x200.jpg\" alt=\"DSC08813\" width=\"300\" height=\"200\" class=\"alignnone size-medium wp-image-680\" srcset=\"http:\/\/www.ralfkropp.de\/radreisen\/wordpress\/wp-content\/uploads\/2013\/03\/DSC08813-300x200.jpg 300w, http:\/\/www.ralfkropp.de\/radreisen\/wordpress\/wp-content\/uploads\/2013\/03\/DSC08813-1024x682.jpg 1024w, http:\/\/www.ralfkropp.de\/radreisen\/wordpress\/wp-content\/uploads\/2013\/03\/DSC08813.jpg 1167w\" sizes=\"(max-width: 300px) 100vw, 300px\" \/><\/a><\/p>\n<p><a href=\"http:\/\/www.ralfkropp.de\/radreisen\/wordpress\/wp-content\/uploads\/2013\/03\/DSC08801.jpg\"><img decoding=\"async\" loading=\"lazy\" src=\"http:\/\/www.ralfkropp.de\/radreisen\/wordpress\/wp-content\/uploads\/2013\/03\/DSC08801-300x200.jpg\" alt=\"DSC08801\" width=\"300\" height=\"200\" class=\"alignnone size-medium wp-image-681\" srcset=\"http:\/\/www.ralfkropp.de\/radreisen\/wordpress\/wp-content\/uploads\/2013\/03\/DSC08801-300x200.jpg 300w, http:\/\/www.ralfkropp.de\/radreisen\/wordpress\/wp-content\/uploads\/2013\/03\/DSC08801-1024x682.jpg 1024w, http:\/\/www.ralfkropp.de\/radreisen\/wordpress\/wp-content\/uploads\/2013\/03\/DSC08801.jpg 1167w\" sizes=\"(max-width: 300px) 100vw, 300px\" \/><\/a> Erst sind es nur viele Gesch\u00e4fte nebeneinander. Doch dann kommen wir in den Souk. Miniladen neben Miniladen, die Stra\u00dfen voller Menschen, Mopeds und Autos. Ein wahrloses Durcheinander. Bin voll auf begeistert. Sabine kommt mit der Situation noch nicht so richtig klar. Ihr ist alles zu viel. Rad durch die Menschenmassen schieben, auf Moped`s, Eselkarren und Autos aufpassen und dabei noch Menschen und Gesch\u00e4fte beobachten. Haben dann auch trotz Karte den \u00dcberblick verloren, wo wir uns befinden. Versuche mich nach der Himmelsrichtung zum bekannten gro\u00dfen Platz durch zu arbeiten. Landen aber immer wieder in Sackgassen. So m\u00fcssen wir einige male nachfragen, wo es lang geht. Doch pl\u00f6tzlich ist es geschaft. Schlie\u00dfen unsere R\u00e4der an und st\u00fcrzen uns nochmals ins Get\u00fcmmel. Essen auf dem Marktplatz, wo jeder uns versucht in seinen Stand zu locken. Suchen uns einen Platz, wo wenige Touris, daf\u00fcr aber viele Einheimische dinnieren. Fahren dann im Dunkeln auf der Autobahn zu unserem Campingplatz. Sind kaputt vom vielen umherlaufen und schlafen gut.<\/p>\n<div class=\"facebook-like\"><fb:like layout=\"standard\" show_faces=\"true\" href=\"http:\/\/www.ralfkropp.de\/radreisen\/wordpress\/14-03-marrakesch\/\"><\/fb:like><\/div>","protected":false},"excerpt":{"rendered":"<p>Das Fr\u00fchst\u00fcck in dem gro\u00dfen Hotel taugt nicht all zu viel. Radeln durch die Palmerie. Doch au\u00dfer Clubanlagen finden wir den Campingplatz nicht. Erst ein Taxifahrer gibt uns den entscheidenden Tipp. Die Palmerie haben wir verlassen und es sieht nicht [&hellip;] <a class=\"more-link\" href=\"http:\/\/www.ralfkropp.de\/radreisen\/wordpress\/14-03-marrakesch\/\">Kompletten Beitrag lesen&#8230;<\/a><\/p>\n","protected":false},"author":1,"featured_media":0,"comment_status":"open","ping_status":"open","sticky":false,"template":"","format":"standard","meta":[],"categories":[7,1],"tags":[],"_links":{"self":[{"href":"http:\/\/www.ralfkropp.de\/radreisen\/wordpress\/wp-json\/wp\/v2\/posts\/439"}],"collection":[{"href":"http:\/\/www.ralfkropp.de\/radreisen\/wordpress\/wp-json\/wp\/v2\/posts"}],"about":[{"href":"http:\/\/www.ralfkropp.de\/radreisen\/wordpress\/wp-json\/wp\/v2\/types\/post"}],"author":[{"embeddable":true,"href":"http:\/\/www.ralfkropp.de\/radreisen\/wordpress\/wp-json\/wp\/v2\/users\/1"}],"replies":[{"embeddable":true,"href":"http:\/\/www.ralfkropp.de\/radreisen\/wordpress\/wp-json\/wp\/v2\/comments?post=439"}],"version-history":[{"count":2,"href":"http:\/\/www.ralfkropp.de\/radreisen\/wordpress\/wp-json\/wp\/v2\/posts\/439\/revisions"}],"predecessor-version":[{"id":682,"href":"http:\/\/www.ralfkropp.de\/radreisen\/wordpress\/wp-json\/wp\/v2\/posts\/439\/revisions\/682"}],"wp:attachment":[{"href":"http:\/\/www.ralfkropp.de\/radreisen\/wordpress\/wp-json\/wp\/v2\/media?parent=439"}],"wp:term":[{"taxonomy":"category","embeddable":true,"href":"http:\/\/www.ralfkropp.de\/radreisen\/wordpress\/wp-json\/wp\/v2\/categories?post=439"},{"taxonomy":"post_tag","embeddable":true,"href":"http:\/\/www.ralfkropp.de\/radreisen\/wordpress\/wp-json\/wp\/v2\/tags?post=439"}],"curies":[{"name":"wp","href":"https:\/\/api.w.org\/{rel}","templated":true}]}}