{"id":444,"date":"2013-03-27T21:24:57","date_gmt":"2013-03-27T21:24:57","guid":{"rendered":"http:\/\/www.ralfkropp.de\/radreisen\/wordpress\/?p=444"},"modified":"2013-05-23T15:03:41","modified_gmt":"2013-05-23T15:03:41","slug":"16-03","status":"publish","type":"post","link":"http:\/\/www.ralfkropp.de\/radreisen\/wordpress\/16-03\/","title":{"rendered":"16.03. Oukaimeden"},"content":{"rendered":"<p><iframe loading=\"lazy\" src=\"http:\/\/www.gpsies.com\/mapOnly.do?fileId=nlorgyayjtisnwev\" width=\"600\" height=\"400\" frameborder=\"0\" scrolling=\"no\" marginheight=\"0\" marginwidth=\"0\"><\/iframe><\/p>\n<p>Fahre alleine mit dem Rad\u00a0 in die Berge. Als ich den Weg aus der Stadt gefunden habe und auf einer der Stra\u00dfen richtung S\u00fcden bin geht es z\u00fcgig vorran. H\u00e4nge mich in den Windschatten vorbeikommender Mopets. Die meisten bewundern die Geschwindigkeit die ich mit dem Rad fahren kann, denn sie kennen keine richtig guten Fahrr\u00e4der. Muss aber auch aufpassen, da es nicht jeder mag, wenn ich in seinem Windschatten fahre. Denn sie bremsen dann unverhofft und ich fahr fast auf. Als es bergig wird, wird die Stra\u00dfe einsamer. Erst kommen bl\u00fchnede Mandelbaumt\u00e4ler, dann kommen immer tiefere Schluchten und Schnee bedeckte Berge.<a href=\"http:\/\/www.ralfkropp.de\/radreisen\/wordpress\/wp-content\/uploads\/2013\/03\/DSC08871.jpg\"><img decoding=\"async\" loading=\"lazy\" src=\"http:\/\/www.ralfkropp.de\/radreisen\/wordpress\/wp-content\/uploads\/2013\/03\/DSC08871-300x200.jpg\" alt=\"DSC08871\" width=\"300\" height=\"200\" class=\"alignnone size-medium wp-image-690\" srcset=\"http:\/\/www.ralfkropp.de\/radreisen\/wordpress\/wp-content\/uploads\/2013\/03\/DSC08871-300x200.jpg 300w, http:\/\/www.ralfkropp.de\/radreisen\/wordpress\/wp-content\/uploads\/2013\/03\/DSC08871-1024x682.jpg 1024w, http:\/\/www.ralfkropp.de\/radreisen\/wordpress\/wp-content\/uploads\/2013\/03\/DSC08871.jpg 1167w\" sizes=\"(max-width: 300px) 100vw, 300px\" \/><\/a><\/p>\n<p><a href=\"http:\/\/www.ralfkropp.de\/radreisen\/wordpress\/wp-content\/uploads\/2013\/03\/DSC08873.jpg\"><img decoding=\"async\" loading=\"lazy\" src=\"http:\/\/www.ralfkropp.de\/radreisen\/wordpress\/wp-content\/uploads\/2013\/03\/DSC08873-300x200.jpg\" alt=\"DSC08873\" width=\"300\" height=\"200\" class=\"alignnone size-medium wp-image-691\" srcset=\"http:\/\/www.ralfkropp.de\/radreisen\/wordpress\/wp-content\/uploads\/2013\/03\/DSC08873-300x200.jpg 300w, http:\/\/www.ralfkropp.de\/radreisen\/wordpress\/wp-content\/uploads\/2013\/03\/DSC08873-1024x682.jpg 1024w, http:\/\/www.ralfkropp.de\/radreisen\/wordpress\/wp-content\/uploads\/2013\/03\/DSC08873.jpg 1167w\" sizes=\"(max-width: 300px) 100vw, 300px\" \/><\/a> Stra\u00dfe windet sich \u00fcber zig Serpentinen immer h\u00f6her. Als ich oben auf 2640m H\u00f6he im Skigebiet ankomme, ist es schon recht frisch im Schatten. Die Skih\u00e4nge sind nur noch zum Teil mit Schnee bedeckt, drum l\u00e4uft auch nur noch ein Sessellift, der ein auf 3200m H\u00f6he bringt. Ich trinke aber nur ein Kaffee, da ich die Schotterpiste Richtung Asni nehmen will und nicht weis, was da auf mich zukommt. Einige Einheimische raten mir auch ab, aber den Weg soll es geben. 14:30Uhr hatte ich mir als Deadline gesetzt. Jetzt ist es 14:45Uhr und ich will es doch noch schaffen. Denke ich k\u00f6nnte ja auch im Notfall mit dem Bus oder per Anhalter zur\u00fcckfahren nach Marrakesch. Muss noch eine kleine Anh\u00f6he hoch, doch dann schaue ich in tiefe T\u00e4hler mit einigen Schotterwegen. Fahre im rasanten Stiel hinunter und bin froh das ich mich bei einigen Sch\u00e4fern nach dem Weg erkundigen kann, denn mein Garmin kennt den Weg nicht und Abzweige gibt es genug.<a href=\"http:\/\/www.ralfkropp.de\/radreisen\/wordpress\/wp-content\/uploads\/2013\/03\/DSC08885.jpg\"><img decoding=\"async\" loading=\"lazy\" src=\"http:\/\/www.ralfkropp.de\/radreisen\/wordpress\/wp-content\/uploads\/2013\/03\/DSC08885-300x200.jpg\" alt=\"DSC08885\" width=\"300\" height=\"200\" class=\"alignnone size-medium wp-image-692\" srcset=\"http:\/\/www.ralfkropp.de\/radreisen\/wordpress\/wp-content\/uploads\/2013\/03\/DSC08885-300x200.jpg 300w, http:\/\/www.ralfkropp.de\/radreisen\/wordpress\/wp-content\/uploads\/2013\/03\/DSC08885-1024x682.jpg 1024w, http:\/\/www.ralfkropp.de\/radreisen\/wordpress\/wp-content\/uploads\/2013\/03\/DSC08885.jpg 1167w\" sizes=\"(max-width: 300px) 100vw, 300px\" \/><\/a><\/p>\n<p><a href=\"http:\/\/www.ralfkropp.de\/radreisen\/wordpress\/wp-content\/uploads\/2013\/03\/DSC08886.jpg\"><img decoding=\"async\" loading=\"lazy\" src=\"http:\/\/www.ralfkropp.de\/radreisen\/wordpress\/wp-content\/uploads\/2013\/03\/DSC08886-300x200.jpg\" alt=\"DSC08886\" width=\"300\" height=\"200\" class=\"alignnone size-medium wp-image-693\" srcset=\"http:\/\/www.ralfkropp.de\/radreisen\/wordpress\/wp-content\/uploads\/2013\/03\/DSC08886-300x200.jpg 300w, http:\/\/www.ralfkropp.de\/radreisen\/wordpress\/wp-content\/uploads\/2013\/03\/DSC08886-1024x682.jpg 1024w, http:\/\/www.ralfkropp.de\/radreisen\/wordpress\/wp-content\/uploads\/2013\/03\/DSC08886.jpg 1167w\" sizes=\"(max-width: 300px) 100vw, 300px\" \/><\/a><\/p>\n<p><a href=\"http:\/\/www.ralfkropp.de\/radreisen\/wordpress\/wp-content\/uploads\/2013\/03\/DSC08884.jpg\"><img decoding=\"async\" loading=\"lazy\" src=\"http:\/\/www.ralfkropp.de\/radreisen\/wordpress\/wp-content\/uploads\/2013\/03\/DSC08884-300x200.jpg\" alt=\"DSC08884\" width=\"300\" height=\"200\" class=\"alignnone size-medium wp-image-694\" srcset=\"http:\/\/www.ralfkropp.de\/radreisen\/wordpress\/wp-content\/uploads\/2013\/03\/DSC08884-300x200.jpg 300w, http:\/\/www.ralfkropp.de\/radreisen\/wordpress\/wp-content\/uploads\/2013\/03\/DSC08884-1024x682.jpg 1024w, http:\/\/www.ralfkropp.de\/radreisen\/wordpress\/wp-content\/uploads\/2013\/03\/DSC08884.jpg 1167w\" sizes=\"(max-width: 300px) 100vw, 300px\" \/><\/a> Die Landschaft ist Atemberaubend. Wieder komm ich zu einem Abzweig und kann aber leider niemanden fragen, welch Weg ich nehmen muss. Muss mich auf meinen Orientierungssinn verlassen und erreiche auch bald die Teerstra\u00dfe. Muss jetzt weiter auf Gaspedal dr\u00fccken, denn der Sonnenuntergang kommt immer n\u00e4her und Stra\u00dfe ist fast zu schmal f\u00fcr zwei Fahrzeuge und mich. Die meisten bremsen ab und nehmen R\u00fccksicht auf mich. Nur bei zwei LKW`s war es ein bisschen knapp. Da darf man zu dem Zeitpunkt kein Schlenker machen. Treffe erst auf einem Einheimischen Rennradfahrer, den ich im Windschatten bis nach Marrakesch mitziehe. Dann noch auf einen deutschen Radreisenden, der von Agadir nach Marrakesch geradelt ist und fahre mit ihm gem\u00fctlich in der D\u00e4mmerung bis zu unserem Campingplatz. Mach mir um Sabine sorgen, da sie aus Marrakesch noch nicht zur\u00fcck ist. Doch sie kommt mit dem Taxi und alles ist gut.<\/p>\n<div class=\"facebook-like\"><fb:like layout=\"standard\" show_faces=\"true\" href=\"http:\/\/www.ralfkropp.de\/radreisen\/wordpress\/16-03\/\"><\/fb:like><\/div>","protected":false},"excerpt":{"rendered":"<p>Fahre alleine mit dem Rad\u00a0 in die Berge. Als ich den Weg aus der Stadt gefunden habe und auf einer der Stra\u00dfen richtung S\u00fcden bin geht es z\u00fcgig vorran. H\u00e4nge mich in den Windschatten vorbeikommender Mopets. Die meisten bewundern die [&hellip;] <a class=\"more-link\" href=\"http:\/\/www.ralfkropp.de\/radreisen\/wordpress\/16-03\/\">Kompletten Beitrag lesen&#8230;<\/a><\/p>\n","protected":false},"author":1,"featured_media":0,"comment_status":"open","ping_status":"open","sticky":false,"template":"","format":"standard","meta":[],"categories":[7,1],"tags":[],"_links":{"self":[{"href":"http:\/\/www.ralfkropp.de\/radreisen\/wordpress\/wp-json\/wp\/v2\/posts\/444"}],"collection":[{"href":"http:\/\/www.ralfkropp.de\/radreisen\/wordpress\/wp-json\/wp\/v2\/posts"}],"about":[{"href":"http:\/\/www.ralfkropp.de\/radreisen\/wordpress\/wp-json\/wp\/v2\/types\/post"}],"author":[{"embeddable":true,"href":"http:\/\/www.ralfkropp.de\/radreisen\/wordpress\/wp-json\/wp\/v2\/users\/1"}],"replies":[{"embeddable":true,"href":"http:\/\/www.ralfkropp.de\/radreisen\/wordpress\/wp-json\/wp\/v2\/comments?post=444"}],"version-history":[{"count":10,"href":"http:\/\/www.ralfkropp.de\/radreisen\/wordpress\/wp-json\/wp\/v2\/posts\/444\/revisions"}],"predecessor-version":[{"id":446,"href":"http:\/\/www.ralfkropp.de\/radreisen\/wordpress\/wp-json\/wp\/v2\/posts\/444\/revisions\/446"}],"wp:attachment":[{"href":"http:\/\/www.ralfkropp.de\/radreisen\/wordpress\/wp-json\/wp\/v2\/media?parent=444"}],"wp:term":[{"taxonomy":"category","embeddable":true,"href":"http:\/\/www.ralfkropp.de\/radreisen\/wordpress\/wp-json\/wp\/v2\/categories?post=444"},{"taxonomy":"post_tag","embeddable":true,"href":"http:\/\/www.ralfkropp.de\/radreisen\/wordpress\/wp-json\/wp\/v2\/tags?post=444"}],"curies":[{"name":"wp","href":"https:\/\/api.w.org\/{rel}","templated":true}]}}