{"id":448,"date":"2013-03-28T18:31:17","date_gmt":"2013-03-28T18:31:17","guid":{"rendered":"http:\/\/www.ralfkropp.de\/radreisen\/wordpress\/?p=448"},"modified":"2013-04-09T10:34:14","modified_gmt":"2013-04-09T10:34:14","slug":"17-03-marrakesch-frankfurt","status":"publish","type":"post","link":"http:\/\/www.ralfkropp.de\/radreisen\/wordpress\/17-03-marrakesch-frankfurt\/","title":{"rendered":"17.03. Marrakesch &#8211; Frankfurt"},"content":{"rendered":"<p>Packen unsere sieben Sachen und fahren mit vollem Gep\u00e4ck nach Marrakesch rein, wo wir noch mal unsere leckeren Milchshakes trinken, bevor wie zum Flughafen fahren. Alles l\u00e4uft fast reibungslos, nur ein Werkzeugtoul darf ich nicht mit ins Handgep\u00e4ck nehmen. Also wieder zum Gep\u00e4ckschalter, doch der ist schon geschlossen. Gl\u00fcck gehabt, man \u00f6ffnet mir sogar nochmal den Schalter, so dass ich meinen Handgep\u00e4ckrucksack mit meinem Toul auch noch aufgeben kann. Die R\u00e4der fliegen sogar kostenlos mit. Herrlicher Blick auf Gibralta. In Londen schlafen wir zwischen Stuhlreien auf unseren Isomatten, wobei wir ein paar mal von einem ins andere Gate verscheucht werden. Frankfurt empf\u00e4ngt uns mit Schmuddelwetter.<\/p>\n<div class=\"facebook-like\"><fb:like layout=\"standard\" show_faces=\"true\" href=\"http:\/\/www.ralfkropp.de\/radreisen\/wordpress\/17-03-marrakesch-frankfurt\/\"><\/fb:like><\/div>","protected":false},"excerpt":{"rendered":"<p>Packen unsere sieben Sachen und fahren mit vollem Gep\u00e4ck nach Marrakesch rein, wo wir noch mal unsere leckeren Milchshakes trinken, bevor wie zum Flughafen fahren. Alles l\u00e4uft fast reibungslos, nur ein Werkzeugtoul darf ich nicht mit ins Handgep\u00e4ck nehmen. Also [&hellip;] <a class=\"more-link\" href=\"http:\/\/www.ralfkropp.de\/radreisen\/wordpress\/17-03-marrakesch-frankfurt\/\">Kompletten Beitrag lesen&#8230;<\/a><\/p>\n","protected":false},"author":1,"featured_media":0,"comment_status":"open","ping_status":"open","sticky":false,"template":"","format":"standard","meta":[],"categories":[7],"tags":[],"_links":{"self":[{"href":"http:\/\/www.ralfkropp.de\/radreisen\/wordpress\/wp-json\/wp\/v2\/posts\/448"}],"collection":[{"href":"http:\/\/www.ralfkropp.de\/radreisen\/wordpress\/wp-json\/wp\/v2\/posts"}],"about":[{"href":"http:\/\/www.ralfkropp.de\/radreisen\/wordpress\/wp-json\/wp\/v2\/types\/post"}],"author":[{"embeddable":true,"href":"http:\/\/www.ralfkropp.de\/radreisen\/wordpress\/wp-json\/wp\/v2\/users\/1"}],"replies":[{"embeddable":true,"href":"http:\/\/www.ralfkropp.de\/radreisen\/wordpress\/wp-json\/wp\/v2\/comments?post=448"}],"version-history":[{"count":3,"href":"http:\/\/www.ralfkropp.de\/radreisen\/wordpress\/wp-json\/wp\/v2\/posts\/448\/revisions"}],"predecessor-version":[{"id":450,"href":"http:\/\/www.ralfkropp.de\/radreisen\/wordpress\/wp-json\/wp\/v2\/posts\/448\/revisions\/450"}],"wp:attachment":[{"href":"http:\/\/www.ralfkropp.de\/radreisen\/wordpress\/wp-json\/wp\/v2\/media?parent=448"}],"wp:term":[{"taxonomy":"category","embeddable":true,"href":"http:\/\/www.ralfkropp.de\/radreisen\/wordpress\/wp-json\/wp\/v2\/categories?post=448"},{"taxonomy":"post_tag","embeddable":true,"href":"http:\/\/www.ralfkropp.de\/radreisen\/wordpress\/wp-json\/wp\/v2\/tags?post=448"}],"curies":[{"name":"wp","href":"https:\/\/api.w.org\/{rel}","templated":true}]}}