{"id":48,"date":"2011-12-15T09:14:25","date_gmt":"2011-12-15T09:14:25","guid":{"rendered":"http:\/\/www.ralfkropp.de\/radreisen\/wordpress\/?p=48"},"modified":"2017-01-24T16:18:05","modified_gmt":"2017-01-24T16:18:05","slug":"23-11-vinales-bahia-santa-lucia-puerto-esperanza","status":"publish","type":"post","link":"http:\/\/www.ralfkropp.de\/radreisen\/wordpress\/23-11-vinales-bahia-santa-lucia-puerto-esperanza\/","title":{"rendered":"23.11. Vi\u00f1ales &#8211; Bahia Santa Lucia &#8211; Puerto Esperanza"},"content":{"rendered":"<p><span style=\"font-size: 24px;\">23.11. Vi\u00f1ales &#8211; Bahia Santa Lucia &#8211; <\/span><span style=\"font-size: 24px;\">Puerto Esperanza<br \/>\n<\/span><\/p>\n<p><iframe loading=\"lazy\" src=\"http:\/\/www.gpsies.com\/mapOnly.do?fileId=pmqxymdhuizttude\" width=\"600\" height=\"400\" frameborder=\"0\" scrolling=\"no\" marginheight=\"0\" marginwidth=\"0\"><\/iframe><\/p>\n<p>Mit minimal Gep\u00e4ck starten wir Richtung Bahia Santa Lucia. am Stra\u00dfenrand sitzen die Geier mit ausgebreiteten Fl\u00fcgeln und gereckten H\u00e4lsen,\u00a0 doch bis ich meinen Foto raus habe, sind sie weck. Da wir fr\u00fch gestartet sind, ist es angenehm k\u00fchl zum radeln. Biegen von der Hauptstra\u00dfe ab, zur H\u00f6hle Santa Tomas. Nach einer Einweisung und Ausstattung mit Helm und Lampe gehen wir in einer 12 k\u00f6pfigen Gruppe in der 7. Etage in die H\u00f6hle. Gut, dass wir Helme aufhaben, denn sonst h\u00e4tte es einige Beulen gegeben. Die H\u00f6hle hat einiges zu bieten und ist beeindruckend. Unser Guide zeigt uns d\u00fcnne in Wellen geformte Stalagtiten, die durch anklopfen verschiedene Klangt\u00f6ne geben. In der H\u00f6hle ist es mit 27\u00b0C recht warm.\u00a0 Wieder drausen, fahren wir weiter Richtung Cava Jutia. Die Landschaft wechselt von Karstbegen zu Kiefernw\u00e4ldern. Werden in einer kleinen Polizeistation kontrolliert, bevor wir auf den Damm fahren d\u00fcrfen. Nach drei weiteren km wieder &#8222;Passport please&#8220; plus 5$. Am Parkplatz angekommen, st\u00fcrtzen sich Sandfl\u00f6he auf uns. Nehmen ein erfrischendes Bad und st\u00e4rken uns bevor wir weiter Richtung Puerto Esperanza fahren. E8igentlich steht auch schon fest, dass wir wieder nicht im hellen ankommen werden. Schlagloch an Schlagloch und zu unserem Gl\u00fcck endet auch noch der Asphalt. daf\u00fcr ist der Sonnenuntergang um so sch\u00f6ner. Packen die Lampen aus und begegnen zu unserer \u00dcberraschung viele Menschen zu Fu\u00df oder Pferd. Kein Auto weit und breit. Als wir ein Pferdegespann anhalten um nach den weg zu fragen, treffen wir einen freundlichen LKW fahrer, der uns die letzten Kilometer mitnimmt und direkt zu einer netten Casa Particula bringt. Frisch geduscht bekommen wir Lobster und gegrillten Fisch und Sabines Lebensgeister kommen zur\u00fcck. Konnte sie im dunkeln ja auch nicht mit dem Seil ziehen.<\/p>\n<div class=\"facebook-like\"><fb:like layout=\"standard\" show_faces=\"true\" href=\"http:\/\/www.ralfkropp.de\/radreisen\/wordpress\/23-11-vinales-bahia-santa-lucia-puerto-esperanza\/\"><\/fb:like><\/div>","protected":false},"excerpt":{"rendered":"<p>23.11. Vi\u00f1ales &#8211; Bahia Santa Lucia &#8211; Puerto Esperanza Mit minimal Gep\u00e4ck starten wir Richtung Bahia Santa Lucia. am Stra\u00dfenrand sitzen die Geier mit ausgebreiteten Fl\u00fcgeln und gereckten H\u00e4lsen,\u00a0 doch bis ich meinen Foto raus habe, sind sie weck. Da [&hellip;] <a class=\"more-link\" href=\"http:\/\/www.ralfkropp.de\/radreisen\/wordpress\/23-11-vinales-bahia-santa-lucia-puerto-esperanza\/\">Kompletten Beitrag lesen&#8230;<\/a><\/p>\n","protected":false},"author":1,"featured_media":0,"comment_status":"open","ping_status":"open","sticky":false,"template":"","format":"standard","meta":[],"categories":[3],"tags":[],"_links":{"self":[{"href":"http:\/\/www.ralfkropp.de\/radreisen\/wordpress\/wp-json\/wp\/v2\/posts\/48"}],"collection":[{"href":"http:\/\/www.ralfkropp.de\/radreisen\/wordpress\/wp-json\/wp\/v2\/posts"}],"about":[{"href":"http:\/\/www.ralfkropp.de\/radreisen\/wordpress\/wp-json\/wp\/v2\/types\/post"}],"author":[{"embeddable":true,"href":"http:\/\/www.ralfkropp.de\/radreisen\/wordpress\/wp-json\/wp\/v2\/users\/1"}],"replies":[{"embeddable":true,"href":"http:\/\/www.ralfkropp.de\/radreisen\/wordpress\/wp-json\/wp\/v2\/comments?post=48"}],"version-history":[{"count":8,"href":"http:\/\/www.ralfkropp.de\/radreisen\/wordpress\/wp-json\/wp\/v2\/posts\/48\/revisions"}],"predecessor-version":[{"id":2155,"href":"http:\/\/www.ralfkropp.de\/radreisen\/wordpress\/wp-json\/wp\/v2\/posts\/48\/revisions\/2155"}],"wp:attachment":[{"href":"http:\/\/www.ralfkropp.de\/radreisen\/wordpress\/wp-json\/wp\/v2\/media?parent=48"}],"wp:term":[{"taxonomy":"category","embeddable":true,"href":"http:\/\/www.ralfkropp.de\/radreisen\/wordpress\/wp-json\/wp\/v2\/categories?post=48"},{"taxonomy":"post_tag","embeddable":true,"href":"http:\/\/www.ralfkropp.de\/radreisen\/wordpress\/wp-json\/wp\/v2\/tags?post=48"}],"curies":[{"name":"wp","href":"https:\/\/api.w.org\/{rel}","templated":true}]}}