{"id":50,"date":"2011-12-15T09:15:39","date_gmt":"2011-12-15T09:15:39","guid":{"rendered":"http:\/\/www.ralfkropp.de\/radreisen\/wordpress\/?p=50"},"modified":"2017-02-03T21:26:54","modified_gmt":"2017-02-03T21:26:54","slug":"24-11-la-esperanza-vinales","status":"publish","type":"post","link":"http:\/\/www.ralfkropp.de\/radreisen\/wordpress\/24-11-la-esperanza-vinales\/","title":{"rendered":"24.11. La Esperanza &#8211; Vi\u00f1ales"},"content":{"rendered":"<p>24.11. La Esperanza &#8211; Vi\u00f1ales<\/p>\n<p><iframe loading=\"lazy\" src=\"http:\/\/www.gpsies.com\/mapOnly.do?fileId=rzxsvrabadwaorqw\" width=\"600\" height=\"400\" frameborder=\"0\" scrolling=\"no\" marginheight=\"0\" marginwidth=\"0\"><\/iframe><\/p>\n<p>Laufen durch den Ort. Opa sitzt im Schaukelstuhl vor Haus und hat eine nicht brennende Zigarre im Mund.<br \/>\n<a href=\"http:\/\/www.ralfkropp.de\/radreisen\/wordpress\/wp-content\/uploads\/2011\/12\/Bild-160.jpg\"><img decoding=\"async\" loading=\"lazy\" src=\"http:\/\/www.ralfkropp.de\/radreisen\/wordpress\/wp-content\/uploads\/2011\/12\/Bild-160-150x150.jpg\" alt=\"\" width=\"150\" height=\"150\" class=\"alignnone size-thumbnail wp-image-1501\" \/><\/a><br \/>\n Doch als ich ihn fotografiere, bekommt er sie angesteckt. An der n\u00e4chsten H\u00e4usereck werden H\u00e4hne auf einander losgelassen. Im Hafen liegen viele Fischerboote und auf einem Steg gesellen sich viel Kinder und Jugendliche. Dann brechen wir wieder auf nach Vinales und kommen wieder zu den steilen Karstbergen.<br \/>\n<a href=\"http:\/\/www.ralfkropp.de\/radreisen\/wordpress\/wp-content\/uploads\/2011\/12\/Bild-174.jpg\"><img decoding=\"async\" loading=\"lazy\" src=\"http:\/\/www.ralfkropp.de\/radreisen\/wordpress\/wp-content\/uploads\/2011\/12\/Bild-174-150x150.jpg\" alt=\"\" width=\"150\" height=\"150\" class=\"alignnone size-thumbnail wp-image-1502\" \/><\/a><\/p>\n<p><a href=\"http:\/\/www.ralfkropp.de\/radreisen\/wordpress\/wp-content\/uploads\/2011\/12\/Bild-182.jpg\"><img decoding=\"async\" loading=\"lazy\" src=\"http:\/\/www.ralfkropp.de\/radreisen\/wordpress\/wp-content\/uploads\/2011\/12\/Bild-182-150x150.jpg\" alt=\"\" width=\"150\" height=\"150\" class=\"alignnone size-thumbnail wp-image-1503\" \/><\/a><\/p>\n<p><a href=\"http:\/\/www.ralfkropp.de\/radreisen\/wordpress\/wp-content\/uploads\/2011\/12\/Bild-187.jpg\"><img decoding=\"async\" loading=\"lazy\" src=\"http:\/\/www.ralfkropp.de\/radreisen\/wordpress\/wp-content\/uploads\/2011\/12\/Bild-187-150x150.jpg\" alt=\"\" width=\"150\" height=\"150\" class=\"alignnone size-thumbnail wp-image-1504\" \/><\/a><br \/>\nEin Seitental entpuppt sich als Reinfall und wo der Flu\u00df unter den Karstbergen indurch flie\u00dft werden viele Turis hindurchgeschippert. Zu allem \u00dcberfluss werden sie dann noch, f\u00fcr ein Photo, auf einen Wasserb\u00fcffel gesetzt. In Vinales wird es dann wieder intressanter. Dutzende Passagiere werden auf einen Treckeranh\u00e4nger plaziert. Halt Bus fahren auf dem Lande in Kuba. K\u00f6nnten die Kreuzung stundenlang beobachten, denn auch viele Oldtimer und Pferdefuhrwecke fahren vorbei. Auch ein Kaufmannsladen fasziniert uns. Er sieht aus wie bei uns Tante Emmal\u00e4den vor 50Jahren. Milch gibt es nur f\u00fcr Familien die Kinder unter 2Jahre haben, auf Lebensmittelkarten. Der absollute Highlight ist aber die Aussicht von einem Hotelparkplatz etwas au\u00dferhalb von Vinales. Die Karstberge im Hintergrund und eine Reihe einzelner Palmen davor. Geniesen den Ausblick und trinken Pinacolada. Beim schonen Sonnenuntergang treffen wir noch ein Belgisches Radlerpaar, die mit ihrem Kleinkind unterwegs sind, was schon tief und fest im H\u00e4nger schl\u00e4ft.<\/p>\n<p><a href=\"http:\/\/www.ralfkropp.de\/radreisen\/wordpress\/wp-content\/uploads\/2011\/12\/Bild-162.jpg\"><img decoding=\"async\" loading=\"lazy\" src=\"http:\/\/www.ralfkropp.de\/radreisen\/wordpress\/wp-content\/uploads\/2011\/12\/Bild-162-150x150.jpg\" alt=\"\" width=\"150\" height=\"150\" class=\"alignnone size-thumbnail wp-image-1508\" \/><\/a><\/p>\n<div class=\"facebook-like\"><fb:like layout=\"standard\" show_faces=\"true\" href=\"http:\/\/www.ralfkropp.de\/radreisen\/wordpress\/24-11-la-esperanza-vinales\/\"><\/fb:like><\/div>","protected":false},"excerpt":{"rendered":"<p>24.11. La Esperanza &#8211; Vi\u00f1ales Laufen durch den Ort. Opa sitzt im Schaukelstuhl vor Haus und hat eine nicht brennende Zigarre im Mund. Doch als ich ihn fotografiere, bekommt er sie angesteckt. An der n\u00e4chsten H\u00e4usereck werden H\u00e4hne auf einander [&hellip;] <a class=\"more-link\" href=\"http:\/\/www.ralfkropp.de\/radreisen\/wordpress\/24-11-la-esperanza-vinales\/\">Kompletten Beitrag lesen&#8230;<\/a><\/p>\n","protected":false},"author":1,"featured_media":0,"comment_status":"open","ping_status":"open","sticky":false,"template":"","format":"standard","meta":[],"categories":[3],"tags":[],"_links":{"self":[{"href":"http:\/\/www.ralfkropp.de\/radreisen\/wordpress\/wp-json\/wp\/v2\/posts\/50"}],"collection":[{"href":"http:\/\/www.ralfkropp.de\/radreisen\/wordpress\/wp-json\/wp\/v2\/posts"}],"about":[{"href":"http:\/\/www.ralfkropp.de\/radreisen\/wordpress\/wp-json\/wp\/v2\/types\/post"}],"author":[{"embeddable":true,"href":"http:\/\/www.ralfkropp.de\/radreisen\/wordpress\/wp-json\/wp\/v2\/users\/1"}],"replies":[{"embeddable":true,"href":"http:\/\/www.ralfkropp.de\/radreisen\/wordpress\/wp-json\/wp\/v2\/comments?post=50"}],"version-history":[{"count":10,"href":"http:\/\/www.ralfkropp.de\/radreisen\/wordpress\/wp-json\/wp\/v2\/posts\/50\/revisions"}],"predecessor-version":[{"id":1509,"href":"http:\/\/www.ralfkropp.de\/radreisen\/wordpress\/wp-json\/wp\/v2\/posts\/50\/revisions\/1509"}],"wp:attachment":[{"href":"http:\/\/www.ralfkropp.de\/radreisen\/wordpress\/wp-json\/wp\/v2\/media?parent=50"}],"wp:term":[{"taxonomy":"category","embeddable":true,"href":"http:\/\/www.ralfkropp.de\/radreisen\/wordpress\/wp-json\/wp\/v2\/categories?post=50"},{"taxonomy":"post_tag","embeddable":true,"href":"http:\/\/www.ralfkropp.de\/radreisen\/wordpress\/wp-json\/wp\/v2\/tags?post=50"}],"curies":[{"name":"wp","href":"https:\/\/api.w.org\/{rel}","templated":true}]}}