{"id":514,"date":"2013-04-09T10:44:17","date_gmt":"2013-04-09T10:44:17","guid":{"rendered":"http:\/\/www.ralfkropp.de\/radreisen\/wordpress\/?p=514"},"modified":"2013-04-09T10:45:28","modified_gmt":"2013-04-09T10:45:28","slug":"radtour-um-den-mohnestausee","status":"publish","type":"post","link":"http:\/\/www.ralfkropp.de\/radreisen\/wordpress\/radtour-um-den-mohnestausee\/","title":{"rendered":"Radtour um den M\u00f6hnestausee"},"content":{"rendered":"<p>Sch\u00f6ne Radtour um den M\u00f6hnestausee im September.<\/p>\n<p><a href=\"http:\/\/www.ralfkropp.de\/radreisen\/wordpress\/wp-content\/uploads\/2012\/09\/DSC09324_301.jpg\"><img decoding=\"async\" loading=\"lazy\" class=\"alignnone size-large wp-image-340\" title=\"DSC09324_30\" src=\"http:\/\/www.ralfkropp.de\/radreisen\/wordpress\/wp-content\/uploads\/2012\/09\/DSC09324_301-1024x682.jpg\" alt=\"\" width=\"540\" height=\"359\" srcset=\"http:\/\/www.ralfkropp.de\/radreisen\/wordpress\/wp-content\/uploads\/2012\/09\/DSC09324_301-1024x682.jpg 1024w, http:\/\/www.ralfkropp.de\/radreisen\/wordpress\/wp-content\/uploads\/2012\/09\/DSC09324_301-300x200.jpg 300w, http:\/\/www.ralfkropp.de\/radreisen\/wordpress\/wp-content\/uploads\/2012\/09\/DSC09324_301.jpg 1167w\" sizes=\"(max-width: 540px) 100vw, 540px\" \/><\/a><\/p>\n<p><iframe loading=\"lazy\" src=\"http:\/\/www.gpsies.com\/mapOnly.do?fileId=pbvfbfrivkshvgwm\" frameborder=\"0\" marginwidth=\"0\" marginheight=\"0\" scrolling=\"no\" width=\"602\" height=\"402\"><\/iframe><\/p>\n<p><a href=\"http:\/\/www.ralfkropp.de\/radreisen\/wordpress\/wp-content\/uploads\/2012\/09\/DSC09314_302.jpg\"><img decoding=\"async\" loading=\"lazy\" class=\"alignnone size-large wp-image-335\" title=\"DSC09314_30\" src=\"http:\/\/www.ralfkropp.de\/radreisen\/wordpress\/wp-content\/uploads\/2012\/09\/DSC09314_302-1024x682.jpg\" alt=\"\" width=\"540\" height=\"359\" srcset=\"http:\/\/www.ralfkropp.de\/radreisen\/wordpress\/wp-content\/uploads\/2012\/09\/DSC09314_302-1024x682.jpg 1024w, http:\/\/www.ralfkropp.de\/radreisen\/wordpress\/wp-content\/uploads\/2012\/09\/DSC09314_302-300x200.jpg 300w, http:\/\/www.ralfkropp.de\/radreisen\/wordpress\/wp-content\/uploads\/2012\/09\/DSC09314_302.jpg 1167w\" sizes=\"(max-width: 540px) 100vw, 540px\" \/><\/a><\/p>\n<p><a href=\"http:\/\/www.ralfkropp.de\/radreisen\/wordpress\/wp-content\/uploads\/2012\/09\/DSC09315_203.jpg\"><img decoding=\"async\" loading=\"lazy\" class=\"alignnone size-full wp-image-337\" title=\"DSC09315_20\" src=\"http:\/\/www.ralfkropp.de\/radreisen\/wordpress\/wp-content\/uploads\/2012\/09\/DSC09315_203.jpg\" alt=\"\" width=\"778\" height=\"519\" srcset=\"http:\/\/www.ralfkropp.de\/radreisen\/wordpress\/wp-content\/uploads\/2012\/09\/DSC09315_203.jpg 778w, http:\/\/www.ralfkropp.de\/radreisen\/wordpress\/wp-content\/uploads\/2012\/09\/DSC09315_203-300x200.jpg 300w\" sizes=\"(max-width: 778px) 100vw, 778px\" \/><\/a><\/p>\n<p><a href=\"http:\/\/www.ralfkropp.de\/radreisen\/wordpress\/wp-content\/uploads\/2012\/09\/DSC09318_302.jpg\"><img decoding=\"async\" loading=\"lazy\" class=\"alignnone size-large wp-image-330\" title=\"DSC09318_30\" src=\"http:\/\/www.ralfkropp.de\/radreisen\/wordpress\/wp-content\/uploads\/2012\/09\/DSC09318_302-1024x682.jpg\" alt=\"\" width=\"540\" height=\"359\" srcset=\"http:\/\/www.ralfkropp.de\/radreisen\/wordpress\/wp-content\/uploads\/2012\/09\/DSC09318_302-1024x682.jpg 1024w, http:\/\/www.ralfkropp.de\/radreisen\/wordpress\/wp-content\/uploads\/2012\/09\/DSC09318_302-300x200.jpg 300w, http:\/\/www.ralfkropp.de\/radreisen\/wordpress\/wp-content\/uploads\/2012\/09\/DSC09318_302.jpg 1167w\" sizes=\"(max-width: 540px) 100vw, 540px\" \/><\/a><\/p>\n<div class=\"facebook-like\"><fb:like layout=\"standard\" show_faces=\"true\" href=\"http:\/\/www.ralfkropp.de\/radreisen\/wordpress\/radtour-um-den-mohnestausee\/\"><\/fb:like><\/div>","protected":false},"excerpt":{"rendered":"<p>Sch\u00f6ne Radtour um den M\u00f6hnestausee im September.<\/p>\n","protected":false},"author":1,"featured_media":0,"comment_status":"open","ping_status":"open","sticky":false,"template":"","format":"standard","meta":[],"categories":[9,8,10],"tags":[],"_links":{"self":[{"href":"http:\/\/www.ralfkropp.de\/radreisen\/wordpress\/wp-json\/wp\/v2\/posts\/514"}],"collection":[{"href":"http:\/\/www.ralfkropp.de\/radreisen\/wordpress\/wp-json\/wp\/v2\/posts"}],"about":[{"href":"http:\/\/www.ralfkropp.de\/radreisen\/wordpress\/wp-json\/wp\/v2\/types\/post"}],"author":[{"embeddable":true,"href":"http:\/\/www.ralfkropp.de\/radreisen\/wordpress\/wp-json\/wp\/v2\/users\/1"}],"replies":[{"embeddable":true,"href":"http:\/\/www.ralfkropp.de\/radreisen\/wordpress\/wp-json\/wp\/v2\/comments?post=514"}],"version-history":[{"count":2,"href":"http:\/\/www.ralfkropp.de\/radreisen\/wordpress\/wp-json\/wp\/v2\/posts\/514\/revisions"}],"predecessor-version":[{"id":516,"href":"http:\/\/www.ralfkropp.de\/radreisen\/wordpress\/wp-json\/wp\/v2\/posts\/514\/revisions\/516"}],"wp:attachment":[{"href":"http:\/\/www.ralfkropp.de\/radreisen\/wordpress\/wp-json\/wp\/v2\/media?parent=514"}],"wp:term":[{"taxonomy":"category","embeddable":true,"href":"http:\/\/www.ralfkropp.de\/radreisen\/wordpress\/wp-json\/wp\/v2\/categories?post=514"},{"taxonomy":"post_tag","embeddable":true,"href":"http:\/\/www.ralfkropp.de\/radreisen\/wordpress\/wp-json\/wp\/v2\/tags?post=514"}],"curies":[{"name":"wp","href":"https:\/\/api.w.org\/{rel}","templated":true}]}}