{"id":53,"date":"2011-12-15T09:18:15","date_gmt":"2011-12-15T09:18:15","guid":{"rendered":"http:\/\/www.ralfkropp.de\/radreisen\/wordpress\/?p=53"},"modified":"2011-12-28T19:32:33","modified_gmt":"2011-12-28T19:32:33","slug":"25-11-bus-vinales-trinidad","status":"publish","type":"post","link":"http:\/\/www.ralfkropp.de\/radreisen\/wordpress\/25-11-bus-vinales-trinidad\/","title":{"rendered":"25.11. Bus Vi\u00f1ales &#8211; Trinidad"},"content":{"rendered":"<p>Bus Vi\u00f1ales &#8211; Trinidad<\/p>\n<p><iframe loading=\"lazy\" src=\"http:\/\/maps.google.de\/maps?f=d&amp;source=s_d&amp;saddr=Trinidad,+Sancti+Sp%C3%ADritus,+Kuba&amp;daddr=Vi%C3%B1ales,+Kuba&amp;geocode=Fca0TAEdP4c7-ynF4KntQuQqjzGJULGyBnXrZw%3BFe4UWQEdB5kC-ykh_BIuC1HLiDFn6sB2-H1_RQ&amp;aq=0&amp;sll=21.927759,-80.293579&amp;sspn=1.727409,2.90863&amp;vpsrc=6&amp;hl=de&amp;mra=ls&amp;ie=UTF8&amp;t=h&amp;ll=22.441495,-81.859131&amp;spn=3.553543,4.669189&amp;z=7&amp;output=embed\" frameborder=\"0\" marginwidth=\"0\" marginheight=\"0\" scrolling=\"no\" width=\"425\" height=\"350\"><\/iframe><\/p>\n<p><small><a style=\"color: #0000ff; text-align: left;\" href=\"http:\/\/maps.google.de\/maps?f=d&amp;source=embed&amp;saddr=Trinidad,+Sancti+Sp%C3%ADritus,+Kuba&amp;daddr=Vi%C3%B1ales,+Kuba&amp;geocode=Fca0TAEdP4c7-ynF4KntQuQqjzGJULGyBnXrZw%3BFe4UWQEdB5kC-ykh_BIuC1HLiDFn6sB2-H1_RQ&amp;aq=0&amp;sll=21.927759,-80.293579&amp;sspn=1.727409,2.90863&amp;vpsrc=6&amp;hl=de&amp;mra=ls&amp;ie=UTF8&amp;t=h&amp;ll=22.441495,-81.859131&amp;spn=3.553543,4.669189&amp;z=7\">Gr\u00f6\u00dfere Kartenansicht<\/a><\/small><\/p>\n<p>R\u00e4der werden ohne weiteres im Bus verstaut und ab geht die Fahrt nach Havanna. Haupts\u00e4chlich durchqueren wir Kaffeeplantagen. In Havanna sitzen wir 1 Std 30 im unterk\u00fchlten Airconditioned Busbahnhof. Danach geht es haupts\u00e4chlich durch Banannen- und Mangoplantagen nach Trinidat. Dort erweist sich die Unterkunftssuche als nicht so einfach wie gedacht. Da es schon dunkel ist, sind die T\u00fcren der Unterk\u00fcnfte geschlo\u00dfen und nicht so leicht als solche zu erkennen. Lassen uns durch einen Schlepper zu einer Unterkunft briingen. Die ist sauber, aber auch nichts besonderes. Halt kein sch\u00f6nes altes Geb\u00e4ude mit Flair. Werden dann halt am n\u00e4chsten Tag wechseln.<\/p>\n<div class=\"facebook-like\"><fb:like layout=\"standard\" show_faces=\"true\" href=\"http:\/\/www.ralfkropp.de\/radreisen\/wordpress\/25-11-bus-vinales-trinidad\/\"><\/fb:like><\/div>","protected":false},"excerpt":{"rendered":"<p>Bus Vi\u00f1ales &#8211; Trinidad Gr\u00f6\u00dfere Kartenansicht R\u00e4der werden ohne weiteres im Bus verstaut und ab geht die Fahrt nach Havanna. Haupts\u00e4chlich durchqueren wir Kaffeeplantagen. In Havanna sitzen wir 1 Std 30 im unterk\u00fchlten Airconditioned Busbahnhof. Danach geht es haupts\u00e4chlich durch [&hellip;] <a class=\"more-link\" href=\"http:\/\/www.ralfkropp.de\/radreisen\/wordpress\/25-11-bus-vinales-trinidad\/\">Kompletten Beitrag lesen&#8230;<\/a><\/p>\n","protected":false},"author":1,"featured_media":0,"comment_status":"open","ping_status":"open","sticky":false,"template":"","format":"standard","meta":[],"categories":[3],"tags":[],"_links":{"self":[{"href":"http:\/\/www.ralfkropp.de\/radreisen\/wordpress\/wp-json\/wp\/v2\/posts\/53"}],"collection":[{"href":"http:\/\/www.ralfkropp.de\/radreisen\/wordpress\/wp-json\/wp\/v2\/posts"}],"about":[{"href":"http:\/\/www.ralfkropp.de\/radreisen\/wordpress\/wp-json\/wp\/v2\/types\/post"}],"author":[{"embeddable":true,"href":"http:\/\/www.ralfkropp.de\/radreisen\/wordpress\/wp-json\/wp\/v2\/users\/1"}],"replies":[{"embeddable":true,"href":"http:\/\/www.ralfkropp.de\/radreisen\/wordpress\/wp-json\/wp\/v2\/comments?post=53"}],"version-history":[{"count":7,"href":"http:\/\/www.ralfkropp.de\/radreisen\/wordpress\/wp-json\/wp\/v2\/posts\/53\/revisions"}],"predecessor-version":[{"id":258,"href":"http:\/\/www.ralfkropp.de\/radreisen\/wordpress\/wp-json\/wp\/v2\/posts\/53\/revisions\/258"}],"wp:attachment":[{"href":"http:\/\/www.ralfkropp.de\/radreisen\/wordpress\/wp-json\/wp\/v2\/media?parent=53"}],"wp:term":[{"taxonomy":"category","embeddable":true,"href":"http:\/\/www.ralfkropp.de\/radreisen\/wordpress\/wp-json\/wp\/v2\/categories?post=53"},{"taxonomy":"post_tag","embeddable":true,"href":"http:\/\/www.ralfkropp.de\/radreisen\/wordpress\/wp-json\/wp\/v2\/tags?post=53"}],"curies":[{"name":"wp","href":"https:\/\/api.w.org\/{rel}","templated":true}]}}