{"id":546,"date":"2012-04-14T10:58:08","date_gmt":"2012-04-14T10:58:08","guid":{"rendered":"http:\/\/www.ralfkropp.de\/radreisen\/wordpress\/?p=546"},"modified":"2013-04-18T10:40:24","modified_gmt":"2013-04-18T10:40:24","slug":"marokko-radreise-2012","status":"publish","type":"post","link":"http:\/\/www.ralfkropp.de\/radreisen\/wordpress\/marokko-radreise-2012\/","title":{"rendered":"Marokko Radreise 2012"},"content":{"rendered":"<p><span style=\"font-size: xx-large;\"><strong>Marokko 2012<\/strong><\/span><\/p>\n<p>Radreise<br \/>\n<iframe loading=\"lazy\" src=\"http:\/\/www.gpsies.com\/mapOnly.do?fileId=mcasusaowjamesdm\" height=\"400\" width=\"600\" frameborder=\"0\" marginwidth=\"0\" marginheight=\"0\" scrolling=\"no\"><\/iframe><br \/>\n25.02.<\/p>\n<p>Wir sind schon fr\u00fch in Frankfurt am Flughafen, doch unsere 3 Gep\u00e4ckst\u00fccke will man nicht annehmen, da man pro Person seit neustem nur noch 1 Gep\u00e4ckst\u00fcck aufgeben darf. Also packen wir zwei Taschen mit den vielen Radtaschen zu einer Tasche zusammen. Doch jetzt wiegt eine zuviel &#8222;26 kg &#8222;, darf aber nur 23 kg wiegen. Packen wieder um, da die andere nur 9kg wiegt. Jetzt dachte ich w\u00e4re alles klar. Nein nein mein Schatz , m\u00f6chte es besser verpackt wissen, da sie nicht m\u00f6chte, dass alles auseinander f\u00e4llt. Also wird alleseineVerpackungsmaschine  in Plastik eingewickelt. Uff Geschaft. Auch unsere R\u00e4der, die wir zusammen in einen Katong gepackt hatten, werden ohen Beanstandung verladen. Brauchen auch nur f\u00fcr ein Rad bezahlen.<\/p>\n<p>Sitzen im Flieger und los gehts. \u00dcber Spanien sehen wir noch einen Gebirgszug mit viel Schnee, egal. Doch der Blick auf den Atlas erschreckt uns ein wenig. Schnee bis in tiefere Regionen. Da wollen wir doch r\u00fcber. Gut, dass wir erst in den Antiatlas wollen. Der hat keinen Schnee.<a href=\"http:\/\/www.ralfkropp.de\/radreisen\/wordpress\/wp-content\/uploads\/2012\/04\/DSC07866.jpg\"><img decoding=\"async\" loading=\"lazy\" class=\"alignnone size-medium wp-image-288\" title=\"DSC07866\" alt=\"\" src=\"http:\/\/www.ralfkropp.de\/radreisen\/wordpress\/wp-content\/uploads\/2012\/04\/DSC07866-300x200.jpg\" width=\"300\" height=\"200\" srcset=\"http:\/\/www.ralfkropp.de\/radreisen\/wordpress\/wp-content\/uploads\/2012\/04\/DSC07866-300x200.jpg 300w, http:\/\/www.ralfkropp.de\/radreisen\/wordpress\/wp-content\/uploads\/2012\/04\/DSC07866-1024x682.jpg 1024w\" sizes=\"(max-width: 300px) 100vw, 300px\" \/><\/a><\/p>\n<p>Der Flughafen von Agadir ist richtig sch\u00f6n. Gro\u00dfe Mosaiks. Die Passkontrolle dauert recht lange, so sind schon all unsere Gep\u00e4ckst\u00fccke da. Sogar das Sperrgep\u00e4ck mit unseren R\u00e4dern. Vor dem Flughafen stehen viele Busse von den Clubanlagen, die ihre G\u00e4ste abholen, doch keiner f\u00fcr uns. Ich w\u00fcrde gerne mit dem Rad fahren doch Sabine dr\u00e4ngt zum Taxistand und schiebt das Gep\u00e4ck direkt mit einem Schlepper zum Taxi. So kann ich nicht mehr richtig verhandeln. Zahlen viel zu viel. Ausgesucht Hotel im Zentrum ist 1A.<\/p>\n<p>Fahren mit den R\u00e4dern an die Uferpromenade, wo die Clubs und super Hotels in einer Reihe stehen. Mac Doof fehlt nat\u00fcrlich auch nicht. Sch\u00f6ner Sonnenuntergang an geflegten Strand mit toller Brandung f\u00fcr viele Surfer.<\/p>\n<div class=\"facebook-like\"><fb:like layout=\"standard\" show_faces=\"true\" href=\"http:\/\/www.ralfkropp.de\/radreisen\/wordpress\/marokko-radreise-2012\/\"><\/fb:like><\/div>","protected":false},"excerpt":{"rendered":"<p>Marokko 2012 Radreise 25.02. Wir sind schon fr\u00fch in Frankfurt am Flughafen, doch unsere 3 Gep\u00e4ckst\u00fccke will man nicht annehmen, da man pro Person seit neustem nur noch 1 Gep\u00e4ckst\u00fcck aufgeben darf. Also packen wir zwei Taschen mit den vielen [&hellip;] <a class=\"more-link\" href=\"http:\/\/www.ralfkropp.de\/radreisen\/wordpress\/marokko-radreise-2012\/\">Kompletten Beitrag lesen&#8230;<\/a><\/p>\n","protected":false},"author":1,"featured_media":0,"comment_status":"open","ping_status":"open","sticky":false,"template":"","format":"standard","meta":[],"categories":[7],"tags":[],"_links":{"self":[{"href":"http:\/\/www.ralfkropp.de\/radreisen\/wordpress\/wp-json\/wp\/v2\/posts\/546"}],"collection":[{"href":"http:\/\/www.ralfkropp.de\/radreisen\/wordpress\/wp-json\/wp\/v2\/posts"}],"about":[{"href":"http:\/\/www.ralfkropp.de\/radreisen\/wordpress\/wp-json\/wp\/v2\/types\/post"}],"author":[{"embeddable":true,"href":"http:\/\/www.ralfkropp.de\/radreisen\/wordpress\/wp-json\/wp\/v2\/users\/1"}],"replies":[{"embeddable":true,"href":"http:\/\/www.ralfkropp.de\/radreisen\/wordpress\/wp-json\/wp\/v2\/comments?post=546"}],"version-history":[{"count":4,"href":"http:\/\/www.ralfkropp.de\/radreisen\/wordpress\/wp-json\/wp\/v2\/posts\/546\/revisions"}],"predecessor-version":[{"id":556,"href":"http:\/\/www.ralfkropp.de\/radreisen\/wordpress\/wp-json\/wp\/v2\/posts\/546\/revisions\/556"}],"wp:attachment":[{"href":"http:\/\/www.ralfkropp.de\/radreisen\/wordpress\/wp-json\/wp\/v2\/media?parent=546"}],"wp:term":[{"taxonomy":"category","embeddable":true,"href":"http:\/\/www.ralfkropp.de\/radreisen\/wordpress\/wp-json\/wp\/v2\/categories?post=546"},{"taxonomy":"post_tag","embeddable":true,"href":"http:\/\/www.ralfkropp.de\/radreisen\/wordpress\/wp-json\/wp\/v2\/tags?post=546"}],"curies":[{"name":"wp","href":"https:\/\/api.w.org\/{rel}","templated":true}]}}