{"id":64,"date":"2011-12-15T09:23:18","date_gmt":"2011-12-15T09:23:18","guid":{"rendered":"http:\/\/www.ralfkropp.de\/radreisen\/wordpress\/?p=64"},"modified":"2017-02-03T16:17:58","modified_gmt":"2017-02-03T16:17:58","slug":"cienfuegos-santa-clara","status":"publish","type":"post","link":"http:\/\/www.ralfkropp.de\/radreisen\/wordpress\/cienfuegos-santa-clara\/","title":{"rendered":"28.11. Cienfuegos &#8211; Santa Clara"},"content":{"rendered":"<p>Cienfuegos &#8211; Santa Clara<\/p>\n<p><iframe loading=\"lazy\" src=\"http:\/\/www.gpsies.com\/mapOnly.do?fileId=szeietiqzmzjwowl\" width=\"600\" height=\"400\" frameborder=\"0\" scrolling=\"no\" marginheight=\"0\" marginwidth=\"0\"><\/iframe><br \/>\nNach reichhaltigem Fr\u00fchst\u00fcck, starten wir zur Stadttour. Beginnen mit einer Theaterbesichtigung und sind pl\u00f6tzlich Franzosen, denn somitsparen wir Eintrittsgeld. Verstehen aber nur Bahnhof. Danach besichtigen wir das Herzst\u00fcck der Stadt Cienfuegos den zentrale Parque Jos\u00e9 Mart\u00ed, um den herum sich die meisten Sehenw\u00fcrdigkeiten gruppieren. Auf den Mirador vom Casa de la Cultura Benjamin Duarte kommen wir leider nicht, da der Zugang sich in Restauration befindet. Neben dem cubanischen Triumphbogen sowie einige anderer Sehensw\u00fcrdigkeiten beobachten wir noch viele sch\u00f6ne Oldtimer. Auch fahren wir noch die Paseo del Prado (Calle 37), die als l\u00e4ngste Allee Cubas es durchaus mit dem Prado in Havanna aufnehmen k\u00f6nnte. Er verl\u00e4uft vom R\u00edo el Ingl\u00e9s im Norden bis zur Punta Gorda im S\u00fcden, die Spitze der kleinen Halbinsel.<br \/>\n<a href=\"http:\/\/www.ralfkropp.de\/radreisen\/wordpress\/wp-content\/uploads\/2011\/12\/Bild-297.jpg\"><img decoding=\"async\" loading=\"lazy\" src=\"http:\/\/www.ralfkropp.de\/radreisen\/wordpress\/wp-content\/uploads\/2011\/12\/Bild-297-150x150.jpg\" alt=\"\" width=\"150\" height=\"150\" class=\"alignnone size-thumbnail wp-image-1477\" \/><\/a><br \/>\n<a href=\"http:\/\/www.ralfkropp.de\/radreisen\/wordpress\/wp-content\/uploads\/2011\/12\/Bild-287.jpg\"><img decoding=\"async\" loading=\"lazy\" src=\"http:\/\/www.ralfkropp.de\/radreisen\/wordpress\/wp-content\/uploads\/2011\/12\/Bild-287-150x150.jpg\" alt=\"\" width=\"150\" height=\"150\" class=\"alignnone size-thumbnail wp-image-1479\" \/><\/a><a href=\"http:\/\/www.ralfkropp.de\/radreisen\/wordpress\/wp-content\/uploads\/2011\/12\/Bild-277.jpg\"><img decoding=\"async\" loading=\"lazy\" src=\"http:\/\/www.ralfkropp.de\/radreisen\/wordpress\/wp-content\/uploads\/2011\/12\/Bild-277-150x150.jpg\" alt=\"\" width=\"150\" height=\"150\" class=\"alignnone size-thumbnail wp-image-1480\" \/><\/a><\/p>\n<p><a href=\"http:\/\/www.ralfkropp.de\/radreisen\/wordpress\/wp-content\/uploads\/2011\/12\/Bild-282.jpg\"><img decoding=\"async\" loading=\"lazy\" src=\"http:\/\/www.ralfkropp.de\/radreisen\/wordpress\/wp-content\/uploads\/2011\/12\/Bild-282-150x150.jpg\" alt=\"\" width=\"150\" height=\"150\" class=\"alignnone size-thumbnail wp-image-1481\" \/><\/a><br \/>\nWir starten auch noch den Versuch eine cubanische Eisdiele zu besuchen, doch das geht ordentlich in die Hose, denn die Warteschlage ist riesig und da die Kubaner Becherweise das Eis an ihren Tischen horten, wird auch kein Platz frei. Dann ist das Eis ausverkauft. Egal, es gab sowieso nur Erdbeereis. Eine Ecke weiter gibt es gerade Apfel. Also nix wie hinbevor die auch weg sind.<br \/>\nWir machen uns auf in Richtung Santa Clara. Vorbei an unz\u00e4hligen Zuckerrohrfeldern. Die Strecke ist eint\u00f6nig und dazu gibt es noch stinkende Abgase der LKW`s und Traktoren, die uns in Schwarze Rauchwolken h\u00fcllen. Wir verlassen die Landstra\u00dfe und nehmen die Autobahn, da es die k\u00fcrzeste Verbindung ist und auch keine Verbotsschilder uns davon abhalten. Kurz vor der Stadt \u00fcberholt  uns ein Cubaischer Rennradfahrer. Wir werden von Jose Marti direkt zu unserer Pension gef\u00fchrt. Eine nette Unterkunft im Kolonialhaus mit sch\u00f6nem Innenhof und kleinen Garten. Wir gehen in die Stadt zum Plaza &#8230; setzen uns gem\u00fctlich mit unserem cubanischen Freund  zum Malzbier in ein Cafe und unterhalten uns spanenglisch  \u00fcbers Radeln und Santa Clara. Unser neuer Freund ist so aufgeregt, dass er ganz vergisst sein Malzbier zu trinken. In der Kneipe spielt mittlerweile eine super Band. Sie besteht aus alten Operchen. Die Atmosph\u00e4re ist ph\u00e4nomenal. Havannas Basketballmannschaft gibt sich die Ehre. Es wird gleich Flaschenweise der Rum gekauft. Am n\u00e4chsten Tag haben sie wichtiges Spiel gegen Santa Clara. Trotzdem wird gesoffen ohne R\u00fccksicht auf Verluste. Sabine wird von einem der riesigen Spieler zum tanzen aufgefordert. Mit der Band sind wir mittlerweile per du, da wir ihre CD f\u00fcr 10CUC anstatt f\u00fcr 10 Peso gekauft haben. Aber auch sonst sind sie superfreundlich und fr\u00f6hlich. Klopfen uns auf die Schulter, oder versuchen uns was zu erz\u00e4hlen, was wir aber nur zur h\u00e4lfte durch die Gestig verstehen. Zum Fenster schaut auch noch ein \u00d6perchen mit Segelohren und hochstehenden grauen Haar herein. Einfach Klasse, ein super netter Abend. Die Basketballmannschaft feiert fr\u00f6hlich weiter, obwohl es sich bei dem Spiel um die Sichtung f\u00fcr die Nationalmannschaft handelt.<br \/>\n<a href=\"http:\/\/www.ralfkropp.de\/radreisen\/wordpress\/wp-content\/uploads\/2011\/12\/Bild-305_bearbeitet-1.jpg\"><img decoding=\"async\" loading=\"lazy\" src=\"http:\/\/www.ralfkropp.de\/radreisen\/wordpress\/wp-content\/uploads\/2011\/12\/Bild-305_bearbeitet-1-150x150.jpg\" alt=\"\" width=\"150\" height=\"150\" class=\"alignnone size-thumbnail wp-image-1478\" \/><\/a><\/p>\n<div class=\"facebook-like\"><fb:like layout=\"standard\" show_faces=\"true\" href=\"http:\/\/www.ralfkropp.de\/radreisen\/wordpress\/cienfuegos-santa-clara\/\"><\/fb:like><\/div>","protected":false},"excerpt":{"rendered":"<p>Cienfuegos &#8211; Santa Clara Nach reichhaltigem Fr\u00fchst\u00fcck, starten wir zur Stadttour. Beginnen mit einer Theaterbesichtigung und sind pl\u00f6tzlich Franzosen, denn somitsparen wir Eintrittsgeld. Verstehen aber nur Bahnhof. Danach besichtigen wir das Herzst\u00fcck der Stadt Cienfuegos den zentrale Parque Jos\u00e9 Mart\u00ed, [&hellip;] <a class=\"more-link\" href=\"http:\/\/www.ralfkropp.de\/radreisen\/wordpress\/cienfuegos-santa-clara\/\">Kompletten Beitrag lesen&#8230;<\/a><\/p>\n","protected":false},"author":1,"featured_media":0,"comment_status":"open","ping_status":"open","sticky":false,"template":"","format":"standard","meta":[],"categories":[3],"tags":[],"_links":{"self":[{"href":"http:\/\/www.ralfkropp.de\/radreisen\/wordpress\/wp-json\/wp\/v2\/posts\/64"}],"collection":[{"href":"http:\/\/www.ralfkropp.de\/radreisen\/wordpress\/wp-json\/wp\/v2\/posts"}],"about":[{"href":"http:\/\/www.ralfkropp.de\/radreisen\/wordpress\/wp-json\/wp\/v2\/types\/post"}],"author":[{"embeddable":true,"href":"http:\/\/www.ralfkropp.de\/radreisen\/wordpress\/wp-json\/wp\/v2\/users\/1"}],"replies":[{"embeddable":true,"href":"http:\/\/www.ralfkropp.de\/radreisen\/wordpress\/wp-json\/wp\/v2\/comments?post=64"}],"version-history":[{"count":13,"href":"http:\/\/www.ralfkropp.de\/radreisen\/wordpress\/wp-json\/wp\/v2\/posts\/64\/revisions"}],"predecessor-version":[{"id":1485,"href":"http:\/\/www.ralfkropp.de\/radreisen\/wordpress\/wp-json\/wp\/v2\/posts\/64\/revisions\/1485"}],"wp:attachment":[{"href":"http:\/\/www.ralfkropp.de\/radreisen\/wordpress\/wp-json\/wp\/v2\/media?parent=64"}],"wp:term":[{"taxonomy":"category","embeddable":true,"href":"http:\/\/www.ralfkropp.de\/radreisen\/wordpress\/wp-json\/wp\/v2\/categories?post=64"},{"taxonomy":"post_tag","embeddable":true,"href":"http:\/\/www.ralfkropp.de\/radreisen\/wordpress\/wp-json\/wp\/v2\/tags?post=64"}],"curies":[{"name":"wp","href":"https:\/\/api.w.org\/{rel}","templated":true}]}}