{"id":66,"date":"2011-12-15T09:25:12","date_gmt":"2011-12-15T09:25:12","guid":{"rendered":"http:\/\/www.ralfkropp.de\/radreisen\/wordpress\/?p=66"},"modified":"2017-02-03T18:22:31","modified_gmt":"2017-02-03T18:22:31","slug":"santa-clara-hanabanilla","status":"publish","type":"post","link":"http:\/\/www.ralfkropp.de\/radreisen\/wordpress\/santa-clara-hanabanilla\/","title":{"rendered":"29.11. Santa Clara &#8211; Hanabanilla"},"content":{"rendered":"<p>Santa Clara<\/p>\n<p><iframe loading=\"lazy\" src=\"http:\/\/www.gpsies.com\/mapOnly.do?fileId=fkctcyxehkgjnzdz\" width=\"600\" height=\"400\" frameborder=\"0\" scrolling=\"no\" marginheight=\"0\" marginwidth=\"0\"><\/iframe><\/p>\n<p>Bei der Santa Clara Besichtigung starten wir mit dem historischen Stadtkern und dem Plaza der Revolution. Die Tabakfabrik k\u00f6nnen wir leider nicht besuchen da wir beim Ticketkauf  die Aussage erhalten \u201cno visit today\u201d.<br \/>\nEtwas Gefrustet packen wir unsere R\u00e4der, kaufen zur St\u00e4rkung noch eine Pesopizza und fahren dann zum Mausoleum und Musem von Che vorbei.<br \/>\n<a href=\"http:\/\/www.ralfkropp.de\/radreisen\/wordpress\/wp-content\/uploads\/2011\/12\/Bild-313.jpg\"><img decoding=\"async\" loading=\"lazy\" src=\"http:\/\/www.ralfkropp.de\/radreisen\/wordpress\/wp-content\/uploads\/2011\/12\/Bild-313-150x150.jpg\" alt=\"\" width=\"150\" height=\"150\" class=\"alignnone size-thumbnail wp-image-1493\" \/><\/a><br \/>\nDann geht es los Richtung Hanibalia mit Zwischenstopp zur St\u00e4rkung in Manicaragua.<br \/>\n<a href=\"http:\/\/www.ralfkropp.de\/radreisen\/wordpress\/wp-content\/uploads\/2011\/12\/Bild-318.jpg\"><img decoding=\"async\" loading=\"lazy\" src=\"http:\/\/www.ralfkropp.de\/radreisen\/wordpress\/wp-content\/uploads\/2011\/12\/Bild-318-150x150.jpg\" alt=\"\" width=\"150\" height=\"150\" class=\"alignnone size-thumbnail wp-image-1497\" \/><\/a><br \/>\nIn La Macagua m\u00fcssen wir links abbiegen und stellen fest das es ordentlich bergauf geht. Die Stra\u00dfe schl\u00e4ngelt sich den Berg hinauf, wobei die letzten Steigungen heftigst sind. Wir erreichen unser Ziel aber noch im hellen. An der Staumauer treffen wir einen Cubaner, den wir fragen ob eine F\u00e4hre f\u00e4hrt. Kann sein oder nicht sein, sagt er. Aber er k\u00f6nnte auch einspringen und uns \u00fcber den See schippern. Wir checken im Hotel ein und genie\u00dfen das cubanische Hotelflair. Die Hotelg\u00e4ste warten alle vor dem eingek\u00fchlten Speisesaal. Haben wir was falsch gemacht? Wir haben uns einfach einen Tisch ausgesucht und sind auch ohne Abholung vom Personal eingetreten.<\/p>\n<p><a href=\"http:\/\/www.ralfkropp.de\/radreisen\/wordpress\/wp-content\/uploads\/2011\/12\/Bild-322.jpg\"><img decoding=\"async\" loading=\"lazy\" src=\"http:\/\/www.ralfkropp.de\/radreisen\/wordpress\/wp-content\/uploads\/2011\/12\/Bild-322-150x150.jpg\" alt=\"\" width=\"150\" height=\"150\" class=\"alignnone size-thumbnail wp-image-1494\" \/><\/a><\/p>\n<p><a href=\"http:\/\/www.ralfkropp.de\/radreisen\/wordpress\/wp-content\/uploads\/2011\/12\/Bild-323.jpg\"><img decoding=\"async\" loading=\"lazy\" src=\"http:\/\/www.ralfkropp.de\/radreisen\/wordpress\/wp-content\/uploads\/2011\/12\/Bild-323-150x150.jpg\" alt=\"\" width=\"150\" height=\"150\" class=\"alignnone size-thumbnail wp-image-1495\" \/><\/a><\/p>\n<p><a href=\"http:\/\/www.ralfkropp.de\/radreisen\/wordpress\/wp-content\/uploads\/2011\/12\/Bild-325.jpg\"><img decoding=\"async\" loading=\"lazy\" src=\"http:\/\/www.ralfkropp.de\/radreisen\/wordpress\/wp-content\/uploads\/2011\/12\/Bild-325-150x150.jpg\" alt=\"\" width=\"150\" height=\"150\" class=\"alignnone size-thumbnail wp-image-1496\" \/><\/a><\/p>\n<div class=\"facebook-like\"><fb:like layout=\"standard\" show_faces=\"true\" href=\"http:\/\/www.ralfkropp.de\/radreisen\/wordpress\/santa-clara-hanabanilla\/\"><\/fb:like><\/div>","protected":false},"excerpt":{"rendered":"<p>Santa Clara Bei der Santa Clara Besichtigung starten wir mit dem historischen Stadtkern und dem Plaza der Revolution. Die Tabakfabrik k\u00f6nnen wir leider nicht besuchen da wir beim Ticketkauf die Aussage erhalten \u201cno visit today\u201d. Etwas Gefrustet packen wir unsere [&hellip;] <a class=\"more-link\" href=\"http:\/\/www.ralfkropp.de\/radreisen\/wordpress\/santa-clara-hanabanilla\/\">Kompletten Beitrag lesen&#8230;<\/a><\/p>\n","protected":false},"author":1,"featured_media":0,"comment_status":"open","ping_status":"open","sticky":false,"template":"","format":"standard","meta":[],"categories":[3],"tags":[],"_links":{"self":[{"href":"http:\/\/www.ralfkropp.de\/radreisen\/wordpress\/wp-json\/wp\/v2\/posts\/66"}],"collection":[{"href":"http:\/\/www.ralfkropp.de\/radreisen\/wordpress\/wp-json\/wp\/v2\/posts"}],"about":[{"href":"http:\/\/www.ralfkropp.de\/radreisen\/wordpress\/wp-json\/wp\/v2\/types\/post"}],"author":[{"embeddable":true,"href":"http:\/\/www.ralfkropp.de\/radreisen\/wordpress\/wp-json\/wp\/v2\/users\/1"}],"replies":[{"embeddable":true,"href":"http:\/\/www.ralfkropp.de\/radreisen\/wordpress\/wp-json\/wp\/v2\/comments?post=66"}],"version-history":[{"count":13,"href":"http:\/\/www.ralfkropp.de\/radreisen\/wordpress\/wp-json\/wp\/v2\/posts\/66\/revisions"}],"predecessor-version":[{"id":1499,"href":"http:\/\/www.ralfkropp.de\/radreisen\/wordpress\/wp-json\/wp\/v2\/posts\/66\/revisions\/1499"}],"wp:attachment":[{"href":"http:\/\/www.ralfkropp.de\/radreisen\/wordpress\/wp-json\/wp\/v2\/media?parent=66"}],"wp:term":[{"taxonomy":"category","embeddable":true,"href":"http:\/\/www.ralfkropp.de\/radreisen\/wordpress\/wp-json\/wp\/v2\/categories?post=66"},{"taxonomy":"post_tag","embeddable":true,"href":"http:\/\/www.ralfkropp.de\/radreisen\/wordpress\/wp-json\/wp\/v2\/tags?post=66"}],"curies":[{"name":"wp","href":"https:\/\/api.w.org\/{rel}","templated":true}]}}