{"id":745,"date":"2013-12-23T21:14:32","date_gmt":"2013-12-23T21:14:32","guid":{"rendered":"http:\/\/www.ralfkropp.de\/radreisen\/wordpress\/?p=745"},"modified":"2015-02-02T19:55:56","modified_gmt":"2015-02-02T19:55:56","slug":"745","status":"publish","type":"post","link":"http:\/\/www.ralfkropp.de\/radreisen\/wordpress\/745\/","title":{"rendered":"Bat &#8211; Jabal Shams"},"content":{"rendered":"<p><iframe loading=\"lazy\" src=\"http:\/\/www.gpsies.com\/mapOnly.do?fileId=wkakknoiiyqumvnd\" width=\"600\" height=\"400\" frameborder=\"0\" scrolling=\"no\" marginheight=\"0\" marginwidth=\"0\"><\/iframe><\/p>\n<p>23.12.<br \/>\nBrechen fr\u00fch auf und hoffen das Achmed uns nicht begegnet, Whisky am Morgen ist dann doch fehl am Platz. Beobachten frei laufende Kamele, die an den dornigen Akazien knabbern.<a href=\"http:\/\/www.ralfkropp.de\/radreisen\/wordpress\/wp-content\/uploads\/2014\/12\/DSC00237.jpg\"><img decoding=\"async\" loading=\"lazy\" src=\"http:\/\/www.ralfkropp.de\/radreisen\/wordpress\/wp-content\/uploads\/2014\/12\/DSC00237-300x200.jpg\" alt=\"DSC00237\" width=\"300\" height=\"200\" class=\"alignnone size-medium wp-image-746\" \/><\/a><br \/>\n<a href=\"http:\/\/www.ralfkropp.de\/radreisen\/wordpress\/wp-content\/uploads\/2014\/12\/DSC00238.jpg\"><img decoding=\"async\" loading=\"lazy\" src=\"http:\/\/www.ralfkropp.de\/radreisen\/wordpress\/wp-content\/uploads\/2014\/12\/DSC00238-300x200.jpg\" alt=\"DSC00238\" width=\"300\" height=\"200\" class=\"alignnone size-medium wp-image-747\" \/><\/a><\/p>\n<p> Auch die 5000 Jahre alten Gr\u00e4ber sind bei Aylin schnell gefunden, da sie malerisch vor einer m\u00e4chtigen Bergkulisse thronen. Die Gr\u00e4ber sehen aus wie Bienenst\u00f6cke.<br \/>\n Sie sind aus Steinen aufgeschichtet und sind Weltkulturerbe. Eine Umz\u00e4unung gibt es nicht, jeder k\u00f6nnte drauf rum klettern und aus versehen Steine heruntersto\u00dfen. Wir fahren weiter Richtung Jabel Shams. Bei der Streckenwal kann ich mich leider nicht durchsetzen, da Einheimische den Weg \u00fcber Damm als unfahrbar beschreiben. So fahren wir erstmal weiter Richtung Sins. Bei der zweiten Abk\u00fcrzung kann ich mich dann doch durchsetzen. Hier sparen wir zwar auch viele km, aber daf\u00fcr m\u00fcssen wir erst \u00fcber einen kleinen Pass vor dem Finalen Anstieg.<br \/>\n<a href=\"http:\/\/www.ralfkropp.de\/radreisen\/wordpress\/wp-content\/uploads\/2014\/12\/DSC00302.jpg\"><img decoding=\"async\" loading=\"lazy\" src=\"http:\/\/www.ralfkropp.de\/radreisen\/wordpress\/wp-content\/uploads\/2014\/12\/DSC00302-300x200.jpg\" alt=\"DSC00302\" width=\"300\" height=\"200\" class=\"alignnone size-medium wp-image-748\" \/><\/a><br \/>\n<a href=\"http:\/\/www.ralfkropp.de\/radreisen\/wordpress\/wp-content\/uploads\/2014\/12\/DSC00303.jpg\"><img decoding=\"async\" loading=\"lazy\" src=\"http:\/\/www.ralfkropp.de\/radreisen\/wordpress\/wp-content\/uploads\/2014\/12\/DSC00303-300x200.jpg\" alt=\"DSC00303\" width=\"300\" height=\"200\" class=\"alignnone size-medium wp-image-749\" \/><\/a><\/p>\n<p> Es geht gleich richtig zur Sache, so dass Sabine \u00f6fters schieben muss. An einem Anstieg muss selbst ich schieben, es ist auf dem losen Schotter einfach zu steil. Es folgt eine rasante Abfahrt, auf der ich leider den Anh\u00e4ngerwimpel verliere.<\/p>\n<p><a href=\"http:\/\/www.ralfkropp.de\/radreisen\/wordpress\/wp-content\/uploads\/2014\/12\/DSC00311.jpg\"><img decoding=\"async\" loading=\"lazy\" src=\"http:\/\/www.ralfkropp.de\/radreisen\/wordpress\/wp-content\/uploads\/2014\/12\/DSC00311-300x200.jpg\" alt=\"DSC00311\" width=\"300\" height=\"200\" class=\"alignnone size-medium wp-image-750\" \/><\/a><br \/>\nAhmed begr\u00fc\u00dft uns herzlich und als er mitbekommt das ich was verloren habe, will er gleich helfen. Ich will seine Hilfe ablehnen, doch er besteht darauf mir zu helfen und so fahren wir mit seinem Wasserlaster den Berg wieder hinauf. Als wir schon aufgeben entdecken wir das F\u00e4hnchen doch noch. Ahmed will uns noch zum Kaffee trinken einladen, doch wir wollen ja noch zum Jabel Sams hoch. Versprechen am n\u00e4chsten Tag vorbei zu kommen.<br \/>\nDie Stra\u00dfe steigt m\u00e4chtig an. Damit ich es noch schaffe setze ich Sabine in einen Pickup und schicke sie vor. Sehr steile St\u00fccke wechseln sich mit steilen St\u00fccken ab. Ab und zu geht es aber auch bergab. Es folgt die Schotterpiste, die an einigen Stellen kaum fahrbar ist. Zu steil und zuviel loser Schotter. Die Sonne verschwindet und es wird m\u00e4chtig kalt. Doch pl\u00f6tzlich ist die Stra\u00dfe wieder geteert. Die K\u00e4lte und h\u00f6chstwahrscheinlich auch die H\u00f6he zehren an meinen Kr\u00e4ften. Bin froh als ich ankomme und mit Sabine zusammen ein sch\u00f6nes Zimmer, ausgiebiges und gutes Essen bekommen.<br \/>\n<a href=\"http:\/\/www.ralfkropp.de\/radreisen\/wordpress\/wp-content\/uploads\/2014\/12\/DSC00288.jpg\"><img decoding=\"async\" loading=\"lazy\" src=\"http:\/\/www.ralfkropp.de\/radreisen\/wordpress\/wp-content\/uploads\/2014\/12\/DSC00288-300x200.jpg\" alt=\"DSC00288\" width=\"300\" height=\"200\" class=\"alignnone size-medium wp-image-751\" \/><\/a><\/p>\n<div class=\"facebook-like\"><fb:like layout=\"standard\" show_faces=\"true\" href=\"http:\/\/www.ralfkropp.de\/radreisen\/wordpress\/745\/\"><\/fb:like><\/div>","protected":false},"excerpt":{"rendered":"<p>23.12. Brechen fr\u00fch auf und hoffen das Achmed uns nicht begegnet, Whisky am Morgen ist dann doch fehl am Platz. Beobachten frei laufende Kamele, die an den dornigen Akazien knabbern. Auch die 5000 Jahre alten Gr\u00e4ber sind bei Aylin schnell [&hellip;] <a class=\"more-link\" href=\"http:\/\/www.ralfkropp.de\/radreisen\/wordpress\/745\/\">Kompletten Beitrag lesen&#8230;<\/a><\/p>\n","protected":false},"author":1,"featured_media":0,"comment_status":"closed","ping_status":"open","sticky":false,"template":"","format":"standard","meta":[],"categories":[11,1],"tags":[],"_links":{"self":[{"href":"http:\/\/www.ralfkropp.de\/radreisen\/wordpress\/wp-json\/wp\/v2\/posts\/745"}],"collection":[{"href":"http:\/\/www.ralfkropp.de\/radreisen\/wordpress\/wp-json\/wp\/v2\/posts"}],"about":[{"href":"http:\/\/www.ralfkropp.de\/radreisen\/wordpress\/wp-json\/wp\/v2\/types\/post"}],"author":[{"embeddable":true,"href":"http:\/\/www.ralfkropp.de\/radreisen\/wordpress\/wp-json\/wp\/v2\/users\/1"}],"replies":[{"embeddable":true,"href":"http:\/\/www.ralfkropp.de\/radreisen\/wordpress\/wp-json\/wp\/v2\/comments?post=745"}],"version-history":[{"count":11,"href":"http:\/\/www.ralfkropp.de\/radreisen\/wordpress\/wp-json\/wp\/v2\/posts\/745\/revisions"}],"predecessor-version":[{"id":980,"href":"http:\/\/www.ralfkropp.de\/radreisen\/wordpress\/wp-json\/wp\/v2\/posts\/745\/revisions\/980"}],"wp:attachment":[{"href":"http:\/\/www.ralfkropp.de\/radreisen\/wordpress\/wp-json\/wp\/v2\/media?parent=745"}],"wp:term":[{"taxonomy":"category","embeddable":true,"href":"http:\/\/www.ralfkropp.de\/radreisen\/wordpress\/wp-json\/wp\/v2\/categories?post=745"},{"taxonomy":"post_tag","embeddable":true,"href":"http:\/\/www.ralfkropp.de\/radreisen\/wordpress\/wp-json\/wp\/v2\/tags?post=745"}],"curies":[{"name":"wp","href":"https:\/\/api.w.org\/{rel}","templated":true}]}}