{"id":766,"date":"2013-12-24T13:30:20","date_gmt":"2013-12-24T13:30:20","guid":{"rendered":"http:\/\/www.ralfkropp.de\/radreisen\/wordpress\/?p=766"},"modified":"2015-02-01T21:06:38","modified_gmt":"2015-02-01T21:06:38","slug":"jabel-shams-bahla","status":"publish","type":"post","link":"http:\/\/www.ralfkropp.de\/radreisen\/wordpress\/jabel-shams-bahla\/","title":{"rendered":"Jabel Shams &#8211; Bahla"},"content":{"rendered":"<p><iframe loading=\"lazy\" src=\"http:\/\/www.gpsies.com\/mapOnly.do?fileId=jrvzqyybtbckzigp\" width=\"600\" height=\"400\" frameborder=\"0\" scrolling=\"no\" marginheight=\"0\" marginwidth=\"0\"><\/iframe><br \/>\nWir wollen uns den Sonnenaufgang nicht entgehen lassen, darum klingelt der Wecker schon fr\u00fch. Leider sind die Tore der Anlage noch verschlossen. Alles schl\u00e4ft noch, so m\u00fcssen wir die Fahrr\u00e4der \u00fcber die Mauer heben wir hinterher. Die Sonnesteigt hinter dem Berg hervor und offenbart uns erste Einblicke in den riesigen Canyon. Nach dem wir den Sonnenaufgang genossen haben m\u00fcssen wir uns erstmal mit einem ordentlichen Fr\u00fchst\u00fcck st\u00e4rken f\u00fcr die folgende Wanderung in den Canyon. <iframe loading=\"lazy\" src=\"http:\/\/www.gpsies.com\/mapOnly.do?fileId=loqgvamglnxpjrsa\" width=\"600\" height=\"400\" frameborder=\"0\" scrolling=\"no\" marginheight=\"0\" marginwidth=\"0\"><\/iframe><br \/>\nEin Trampelpfad f\u00fchrt entlang der Steilh\u00e4nge vorbei an tollen Felsformationen bis hin zu einer Steinhaussiedlung unter einem Felsvorsprung mit ehemals Terassenanbau.<a href=\"http:\/\/www.ralfkropp.de\/radreisen\/wordpress\/wp-content\/uploads\/2013\/12\/DSC00322klein.jpg\"><img decoding=\"async\" loading=\"lazy\" src=\"http:\/\/www.ralfkropp.de\/radreisen\/wordpress\/wp-content\/uploads\/2013\/12\/DSC00322klein-300x200.jpg\" alt=\"DSC00322klein\" width=\"300\" height=\"200\" class=\"alignnone size-medium wp-image-969\" srcset=\"http:\/\/www.ralfkropp.de\/radreisen\/wordpress\/wp-content\/uploads\/2013\/12\/DSC00322klein-300x200.jpg 300w, http:\/\/www.ralfkropp.de\/radreisen\/wordpress\/wp-content\/uploads\/2013\/12\/DSC00322klein.jpg 850w\" sizes=\"(max-width: 300px) 100vw, 300px\" \/><\/a><\/p>\n<p><a href=\"http:\/\/www.ralfkropp.de\/radreisen\/wordpress\/wp-content\/uploads\/2013\/12\/DSC00348klein.jpg\"><img decoding=\"async\" loading=\"lazy\" src=\"http:\/\/www.ralfkropp.de\/radreisen\/wordpress\/wp-content\/uploads\/2013\/12\/DSC00348klein-300x200.jpg\" alt=\"DSC00348klein\" width=\"300\" height=\"200\" class=\"alignnone size-medium wp-image-970\" srcset=\"http:\/\/www.ralfkropp.de\/radreisen\/wordpress\/wp-content\/uploads\/2013\/12\/DSC00348klein-300x200.jpg 300w, http:\/\/www.ralfkropp.de\/radreisen\/wordpress\/wp-content\/uploads\/2013\/12\/DSC00348klein.jpg 850w\" sizes=\"(max-width: 300px) 100vw, 300px\" \/><\/a><\/p>\n<p><a href=\"http:\/\/www.ralfkropp.de\/radreisen\/wordpress\/wp-content\/uploads\/2013\/12\/DSC00390klein.jpg\"><img decoding=\"async\" loading=\"lazy\" src=\"http:\/\/www.ralfkropp.de\/radreisen\/wordpress\/wp-content\/uploads\/2013\/12\/DSC00390klein-300x200.jpg\" alt=\"DSC00390klein\" width=\"300\" height=\"200\" class=\"alignnone size-medium wp-image-971\" srcset=\"http:\/\/www.ralfkropp.de\/radreisen\/wordpress\/wp-content\/uploads\/2013\/12\/DSC00390klein-300x200.jpg 300w, http:\/\/www.ralfkropp.de\/radreisen\/wordpress\/wp-content\/uploads\/2013\/12\/DSC00390klein.jpg 850w\" sizes=\"(max-width: 300px) 100vw, 300px\" \/><\/a><\/p>\n<p><a href=\"http:\/\/www.ralfkropp.de\/radreisen\/wordpress\/wp-content\/uploads\/2013\/12\/DSC00395klein.jpg\"><img decoding=\"async\" loading=\"lazy\" src=\"http:\/\/www.ralfkropp.de\/radreisen\/wordpress\/wp-content\/uploads\/2013\/12\/DSC00395klein-300x200.jpg\" alt=\"DSC00395klein\" width=\"300\" height=\"200\" class=\"alignnone size-medium wp-image-972\" srcset=\"http:\/\/www.ralfkropp.de\/radreisen\/wordpress\/wp-content\/uploads\/2013\/12\/DSC00395klein-300x200.jpg 300w, http:\/\/www.ralfkropp.de\/radreisen\/wordpress\/wp-content\/uploads\/2013\/12\/DSC00395klein.jpg 850w\" sizes=\"(max-width: 300px) 100vw, 300px\" \/><\/a> Nach dieser 2 st\u00fcndigen Wanderung  mit tollen Aussichten in die riesig Schlucht radeln wir los. Ein letztes Mal genie\u00dfen wir die Aussicht von einer Besucherterasse bevor es dann 22km bergab geht. Wir m\u00fcssen aufpassen, dass unsere Bremsen nicht hei\u00df werden. Entgegenkommende Autos wirben auf der Piste Staub auf und wir sind froh als wir den asphaltierten Stra\u00dfenabschnitt erreichen.<a href=\"http:\/\/www.ralfkropp.de\/radreisen\/wordpress\/wp-content\/uploads\/2013\/12\/DSC00430klein.jpg\"><img decoding=\"async\" loading=\"lazy\" src=\"http:\/\/www.ralfkropp.de\/radreisen\/wordpress\/wp-content\/uploads\/2013\/12\/DSC00430klein-300x200.jpg\" alt=\"DSC00430klein\" width=\"300\" height=\"200\" class=\"alignnone size-medium wp-image-974\" srcset=\"http:\/\/www.ralfkropp.de\/radreisen\/wordpress\/wp-content\/uploads\/2013\/12\/DSC00430klein-300x200.jpg 300w, http:\/\/www.ralfkropp.de\/radreisen\/wordpress\/wp-content\/uploads\/2013\/12\/DSC00430klein.jpg 850w\" sizes=\"(max-width: 300px) 100vw, 300px\" \/><\/a><\/p>\n<p><a href=\"http:\/\/www.ralfkropp.de\/radreisen\/wordpress\/wp-content\/uploads\/2013\/12\/DSC00432klein.jpg\"><img decoding=\"async\" loading=\"lazy\" src=\"http:\/\/www.ralfkropp.de\/radreisen\/wordpress\/wp-content\/uploads\/2013\/12\/DSC00432klein-300x200.jpg\" alt=\"DSC00432klein\" width=\"300\" height=\"200\" class=\"alignnone size-medium wp-image-975\" srcset=\"http:\/\/www.ralfkropp.de\/radreisen\/wordpress\/wp-content\/uploads\/2013\/12\/DSC00432klein-300x200.jpg 300w, http:\/\/www.ralfkropp.de\/radreisen\/wordpress\/wp-content\/uploads\/2013\/12\/DSC00432klein.jpg 850w\" sizes=\"(max-width: 300px) 100vw, 300px\" \/><\/a><\/p>\n<p><a href=\"http:\/\/www.ralfkropp.de\/radreisen\/wordpress\/wp-content\/uploads\/2013\/12\/DSC00433klein.jpg\"><img decoding=\"async\" loading=\"lazy\" src=\"http:\/\/www.ralfkropp.de\/radreisen\/wordpress\/wp-content\/uploads\/2013\/12\/DSC00433klein-300x200.jpg\" alt=\"DSC00433klein\" width=\"300\" height=\"200\" class=\"alignnone size-medium wp-image-976\" srcset=\"http:\/\/www.ralfkropp.de\/radreisen\/wordpress\/wp-content\/uploads\/2013\/12\/DSC00433klein-300x200.jpg 300w, http:\/\/www.ralfkropp.de\/radreisen\/wordpress\/wp-content\/uploads\/2013\/12\/DSC00433klein.jpg 850w\" sizes=\"(max-width: 300px) 100vw, 300px\" \/><\/a> Doch pl\u00f6tzlich f\u00e4ngt mein Rad schwammig zu werden und ich komme gerade noch zum stehen,  am Vorderrad verliere ich Luft . Leider kein Loch wie wir bei dem Schlauchwechsel feststellen m\u00fcssen, sondern das Ventil ist herausgerissen, da sich der Schlauch im Mantel durch das viele Bremsen verschoben hat. Unten angekommen werden wir von Ahmet schon erwartet. Wieder bekommen wir leckeren Kaffee, Datteln und Orangen gereicht.<a href=\"http:\/\/www.ralfkropp.de\/radreisen\/wordpress\/wp-content\/uploads\/2013\/12\/DSC00437klein.jpg\"><img decoding=\"async\" loading=\"lazy\" src=\"http:\/\/www.ralfkropp.de\/radreisen\/wordpress\/wp-content\/uploads\/2013\/12\/DSC00437klein-300x200.jpg\" alt=\"DSC00437klein\" width=\"300\" height=\"200\" class=\"alignnone size-medium wp-image-977\" srcset=\"http:\/\/www.ralfkropp.de\/radreisen\/wordpress\/wp-content\/uploads\/2013\/12\/DSC00437klein-300x200.jpg 300w, http:\/\/www.ralfkropp.de\/radreisen\/wordpress\/wp-content\/uploads\/2013\/12\/DSC00437klein.jpg 850w\" sizes=\"(max-width: 300px) 100vw, 300px\" \/><\/a> Wir k\u00f6nnen relativ schnell wieder aufbrechen, da die Moschee ruft. Unser eigentliches Ziel Alhamra lassen wir links liegen und fahren noch bis Bahla. Eigentlich wollten wir campen, aber da die Gegend stark besiedelt ist finden wir keinen geeigneten Platz und fragen bei einem Hotel nach einem Zimmer.<\/p>\n<div class=\"facebook-like\"><fb:like layout=\"standard\" show_faces=\"true\" href=\"http:\/\/www.ralfkropp.de\/radreisen\/wordpress\/jabel-shams-bahla\/\"><\/fb:like><\/div>","protected":false},"excerpt":{"rendered":"<p>Wir wollen uns den Sonnenaufgang nicht entgehen lassen, darum klingelt der Wecker schon fr\u00fch. Leider sind die Tore der Anlage noch verschlossen. Alles schl\u00e4ft noch, so m\u00fcssen wir die Fahrr\u00e4der \u00fcber die Mauer heben wir hinterher. Die Sonnesteigt hinter dem [&hellip;] <a class=\"more-link\" href=\"http:\/\/www.ralfkropp.de\/radreisen\/wordpress\/jabel-shams-bahla\/\">Kompletten Beitrag lesen&#8230;<\/a><\/p>\n","protected":false},"author":1,"featured_media":0,"comment_status":"closed","ping_status":"open","sticky":false,"template":"","format":"standard","meta":[],"categories":[11,1],"tags":[],"_links":{"self":[{"href":"http:\/\/www.ralfkropp.de\/radreisen\/wordpress\/wp-json\/wp\/v2\/posts\/766"}],"collection":[{"href":"http:\/\/www.ralfkropp.de\/radreisen\/wordpress\/wp-json\/wp\/v2\/posts"}],"about":[{"href":"http:\/\/www.ralfkropp.de\/radreisen\/wordpress\/wp-json\/wp\/v2\/types\/post"}],"author":[{"embeddable":true,"href":"http:\/\/www.ralfkropp.de\/radreisen\/wordpress\/wp-json\/wp\/v2\/users\/1"}],"replies":[{"embeddable":true,"href":"http:\/\/www.ralfkropp.de\/radreisen\/wordpress\/wp-json\/wp\/v2\/comments?post=766"}],"version-history":[{"count":7,"href":"http:\/\/www.ralfkropp.de\/radreisen\/wordpress\/wp-json\/wp\/v2\/posts\/766\/revisions"}],"predecessor-version":[{"id":978,"href":"http:\/\/www.ralfkropp.de\/radreisen\/wordpress\/wp-json\/wp\/v2\/posts\/766\/revisions\/978"}],"wp:attachment":[{"href":"http:\/\/www.ralfkropp.de\/radreisen\/wordpress\/wp-json\/wp\/v2\/media?parent=766"}],"wp:term":[{"taxonomy":"category","embeddable":true,"href":"http:\/\/www.ralfkropp.de\/radreisen\/wordpress\/wp-json\/wp\/v2\/categories?post=766"},{"taxonomy":"post_tag","embeddable":true,"href":"http:\/\/www.ralfkropp.de\/radreisen\/wordpress\/wp-json\/wp\/v2\/tags?post=766"}],"curies":[{"name":"wp","href":"https:\/\/api.w.org\/{rel}","templated":true}]}}