{"id":768,"date":"2013-12-25T13:35:12","date_gmt":"2013-12-25T13:35:12","guid":{"rendered":"http:\/\/www.ralfkropp.de\/radreisen\/wordpress\/?p=768"},"modified":"2015-02-01T19:32:28","modified_gmt":"2015-02-01T19:32:28","slug":"bahla-jabrin-nizwa","status":"publish","type":"post","link":"http:\/\/www.ralfkropp.de\/radreisen\/wordpress\/bahla-jabrin-nizwa\/","title":{"rendered":"Bahla &#8211; Jabrin &#8211; Nizwa"},"content":{"rendered":"<p><iframe loading=\"lazy\" src=\"http:\/\/www.gpsies.com\/mapOnly.do?fileId=ouqsidmpqltjktbp\" width=\"600\" height=\"400\" frameborder=\"0\" scrolling=\"no\" marginheight=\"0\" marginwidth=\"0\"><\/iframe><br \/>\nMorgens ist die Stra\u00dfe nicht all zu voll und wir sind schnell in Bahla. Das Fort hat zwar geschlossen aber von  einem H\u00fcgel sieht man es und die Stadtmauer gut. Der Souq ist nicht all zu gro\u00df, aber mit interresanten Details. Schmied, Fahrradshop, Schneider usw. <a href=\"http:\/\/www.ralfkropp.de\/radreisen\/wordpress\/wp-content\/uploads\/2013\/12\/DSC00470klein.jpg\"><img decoding=\"async\" loading=\"lazy\" src=\"http:\/\/www.ralfkropp.de\/radreisen\/wordpress\/wp-content\/uploads\/2013\/12\/DSC00470klein-300x200.jpg\" alt=\"DSC00470klein\" width=\"300\" height=\"200\" class=\"alignnone size-medium wp-image-950\" srcset=\"http:\/\/www.ralfkropp.de\/radreisen\/wordpress\/wp-content\/uploads\/2013\/12\/DSC00470klein-300x200.jpg 300w, http:\/\/www.ralfkropp.de\/radreisen\/wordpress\/wp-content\/uploads\/2013\/12\/DSC00470klein.jpg 850w\" sizes=\"(max-width: 300px) 100vw, 300px\" \/><\/a><\/p>\n<p><a href=\"http:\/\/www.ralfkropp.de\/radreisen\/wordpress\/wp-content\/uploads\/2013\/12\/DSC00473klein.jpg\"><img decoding=\"async\" loading=\"lazy\" src=\"http:\/\/www.ralfkropp.de\/radreisen\/wordpress\/wp-content\/uploads\/2013\/12\/DSC00473klein-300x200.jpg\" alt=\"DSC00473klein\" width=\"300\" height=\"200\" class=\"alignnone size-medium wp-image-951\" srcset=\"http:\/\/www.ralfkropp.de\/radreisen\/wordpress\/wp-content\/uploads\/2013\/12\/DSC00473klein-300x200.jpg 300w, http:\/\/www.ralfkropp.de\/radreisen\/wordpress\/wp-content\/uploads\/2013\/12\/DSC00473klein.jpg 850w\" sizes=\"(max-width: 300px) 100vw, 300px\" \/><\/a><\/p>\n<p><a href=\"http:\/\/www.ralfkropp.de\/radreisen\/wordpress\/wp-content\/uploads\/2013\/12\/DSC00482klein.jpg\"><img decoding=\"async\" loading=\"lazy\" src=\"http:\/\/www.ralfkropp.de\/radreisen\/wordpress\/wp-content\/uploads\/2013\/12\/DSC00482klein-200x300.jpg\" alt=\"DSC00482klein\" width=\"200\" height=\"300\" class=\"alignnone size-medium wp-image-952\" srcset=\"http:\/\/www.ralfkropp.de\/radreisen\/wordpress\/wp-content\/uploads\/2013\/12\/DSC00482klein-200x300.jpg 200w, http:\/\/www.ralfkropp.de\/radreisen\/wordpress\/wp-content\/uploads\/2013\/12\/DSC00482klein.jpg 567w\" sizes=\"(max-width: 200px) 100vw, 200px\" \/><\/a>Jabrin ist auch nicht weit. Das Fort wartet mit einem tollen Audioguide auf. Erfahren viel \u00fcber Verteidigung, Leben und Alltag.<a href=\"http:\/\/www.ralfkropp.de\/radreisen\/wordpress\/wp-content\/uploads\/2013\/12\/DSC00492klein.jpg\"><img decoding=\"async\" loading=\"lazy\" src=\"http:\/\/www.ralfkropp.de\/radreisen\/wordpress\/wp-content\/uploads\/2013\/12\/DSC00492klein-300x200.jpg\" alt=\"DSC00492klein\" width=\"300\" height=\"200\" class=\"alignnone size-medium wp-image-958\" srcset=\"http:\/\/www.ralfkropp.de\/radreisen\/wordpress\/wp-content\/uploads\/2013\/12\/DSC00492klein-300x200.jpg 300w, http:\/\/www.ralfkropp.de\/radreisen\/wordpress\/wp-content\/uploads\/2013\/12\/DSC00492klein.jpg 850w\" sizes=\"(max-width: 300px) 100vw, 300px\" \/><\/a><a href=\"http:\/\/www.ralfkropp.de\/radreisen\/wordpress\/wp-content\/uploads\/2013\/12\/DSC00493klein.jpg\"><img decoding=\"async\" loading=\"lazy\" src=\"http:\/\/www.ralfkropp.de\/radreisen\/wordpress\/wp-content\/uploads\/2013\/12\/DSC00493klein-300x200.jpg\" alt=\"DSC00493klein\" width=\"300\" height=\"200\" class=\"alignnone size-medium wp-image-954\" srcset=\"http:\/\/www.ralfkropp.de\/radreisen\/wordpress\/wp-content\/uploads\/2013\/12\/DSC00493klein-300x200.jpg 300w, http:\/\/www.ralfkropp.de\/radreisen\/wordpress\/wp-content\/uploads\/2013\/12\/DSC00493klein.jpg 850w\" sizes=\"(max-width: 300px) 100vw, 300px\" \/><\/a><a href=\"http:\/\/www.ralfkropp.de\/radreisen\/wordpress\/wp-content\/uploads\/2013\/12\/DSC00511klein.jpg\"><img decoding=\"async\" loading=\"lazy\" src=\"http:\/\/www.ralfkropp.de\/radreisen\/wordpress\/wp-content\/uploads\/2013\/12\/DSC00511klein-300x200.jpg\" alt=\"DSC00511klein\" width=\"300\" height=\"200\" class=\"alignnone size-medium wp-image-957\" srcset=\"http:\/\/www.ralfkropp.de\/radreisen\/wordpress\/wp-content\/uploads\/2013\/12\/DSC00511klein-300x200.jpg 300w, http:\/\/www.ralfkropp.de\/radreisen\/wordpress\/wp-content\/uploads\/2013\/12\/DSC00511klein.jpg 850w\" sizes=\"(max-width: 300px) 100vw, 300px\" \/><\/a><a href=\"http:\/\/www.ralfkropp.de\/radreisen\/wordpress\/wp-content\/uploads\/2013\/12\/DSC00504klein.jpg\"><img decoding=\"async\" loading=\"lazy\" src=\"http:\/\/www.ralfkropp.de\/radreisen\/wordpress\/wp-content\/uploads\/2013\/12\/DSC00504klein-300x200.jpg\" alt=\"DSC00504klein\" width=\"300\" height=\"200\" class=\"alignnone size-medium wp-image-956\" srcset=\"http:\/\/www.ralfkropp.de\/radreisen\/wordpress\/wp-content\/uploads\/2013\/12\/DSC00504klein-300x200.jpg 300w, http:\/\/www.ralfkropp.de\/radreisen\/wordpress\/wp-content\/uploads\/2013\/12\/DSC00504klein.jpg 850w\" sizes=\"(max-width: 300px) 100vw, 300px\" \/><\/a><a href=\"http:\/\/www.ralfkropp.de\/radreisen\/wordpress\/wp-content\/uploads\/2013\/12\/DSC00503klein.jpg\"><img decoding=\"async\" loading=\"lazy\" src=\"http:\/\/www.ralfkropp.de\/radreisen\/wordpress\/wp-content\/uploads\/2013\/12\/DSC00503klein-200x300.jpg\" alt=\"DSC00503klein\" width=\"200\" height=\"300\" class=\"alignnone size-medium wp-image-955\" srcset=\"http:\/\/www.ralfkropp.de\/radreisen\/wordpress\/wp-content\/uploads\/2013\/12\/DSC00503klein-200x300.jpg 200w, http:\/\/www.ralfkropp.de\/radreisen\/wordpress\/wp-content\/uploads\/2013\/12\/DSC00503klein.jpg 567w\" sizes=\"(max-width: 200px) 100vw, 200px\" \/><\/a><br \/>\n\u00dcber die Autobahn geht es weiter nach Nizwa. Der Seitenstreifen ist gut befahrbar, doch die einfahrt nach Nizwa ist etwas schwierig, da es eine rinzige Baustelle ist und kein Platz f\u00fcr Radler gibt. Die wenigen seltenen einheimischen Radler fahren ihrgendwo im Staub \u00fcber bordsteinkanten usw. Wir m\u00fcssen aber vorw\u00e4rts kommen und nutzen die stra\u00dfe. viele beschweren sich hupend. Nizwa hat einen interresanten Souq, wo viel angeboten wird.<a href=\"http:\/\/www.ralfkropp.de\/radreisen\/wordpress\/wp-content\/uploads\/2013\/12\/DSC00538klein.jpg\"><img decoding=\"async\" loading=\"lazy\" src=\"http:\/\/www.ralfkropp.de\/radreisen\/wordpress\/wp-content\/uploads\/2013\/12\/DSC00538klein-300x200.jpg\" alt=\"DSC00538klein\" width=\"300\" height=\"200\" class=\"alignnone size-medium wp-image-961\" srcset=\"http:\/\/www.ralfkropp.de\/radreisen\/wordpress\/wp-content\/uploads\/2013\/12\/DSC00538klein-300x200.jpg 300w, http:\/\/www.ralfkropp.de\/radreisen\/wordpress\/wp-content\/uploads\/2013\/12\/DSC00538klein.jpg 850w\" sizes=\"(max-width: 300px) 100vw, 300px\" \/><\/a><\/p>\n<p><a href=\"http:\/\/www.ralfkropp.de\/radreisen\/wordpress\/wp-content\/uploads\/2013\/12\/DSC00541klein.jpg\"><img decoding=\"async\" loading=\"lazy\" src=\"http:\/\/www.ralfkropp.de\/radreisen\/wordpress\/wp-content\/uploads\/2013\/12\/DSC00541klein-300x200.jpg\" alt=\"DSC00541klein\" width=\"300\" height=\"200\" class=\"alignnone size-medium wp-image-962\" srcset=\"http:\/\/www.ralfkropp.de\/radreisen\/wordpress\/wp-content\/uploads\/2013\/12\/DSC00541klein-300x200.jpg 300w, http:\/\/www.ralfkropp.de\/radreisen\/wordpress\/wp-content\/uploads\/2013\/12\/DSC00541klein.jpg 850w\" sizes=\"(max-width: 300px) 100vw, 300px\" \/><\/a><\/p>\n<p><a href=\"http:\/\/www.ralfkropp.de\/radreisen\/wordpress\/wp-content\/uploads\/2013\/12\/DSC00556klein.jpg\"><img decoding=\"async\" loading=\"lazy\" src=\"http:\/\/www.ralfkropp.de\/radreisen\/wordpress\/wp-content\/uploads\/2013\/12\/DSC00556klein-300x200.jpg\" alt=\"DSC00556klein\" width=\"300\" height=\"200\" class=\"alignnone size-medium wp-image-963\" srcset=\"http:\/\/www.ralfkropp.de\/radreisen\/wordpress\/wp-content\/uploads\/2013\/12\/DSC00556klein-300x200.jpg 300w, http:\/\/www.ralfkropp.de\/radreisen\/wordpress\/wp-content\/uploads\/2013\/12\/DSC00556klein.jpg 850w\" sizes=\"(max-width: 300px) 100vw, 300px\" \/><\/a> Der Fischmarkt begeistert mit Tunfisch und anderen Fischsorten. Wie so oft sieht man nur M\u00e4nner. Der Tiermarkt, der uns interresiert h\u00e4tte, ist leider erst Freitag.<\/p>\n<div class=\"facebook-like\"><fb:like layout=\"standard\" show_faces=\"true\" href=\"http:\/\/www.ralfkropp.de\/radreisen\/wordpress\/bahla-jabrin-nizwa\/\"><\/fb:like><\/div>","protected":false},"excerpt":{"rendered":"<p>Morgens ist die Stra\u00dfe nicht all zu voll und wir sind schnell in Bahla. Das Fort hat zwar geschlossen aber von einem H\u00fcgel sieht man es und die Stadtmauer gut. Der Souq ist nicht all zu gro\u00df, aber mit interresanten [&hellip;] <a class=\"more-link\" href=\"http:\/\/www.ralfkropp.de\/radreisen\/wordpress\/bahla-jabrin-nizwa\/\">Kompletten Beitrag lesen&#8230;<\/a><\/p>\n","protected":false},"author":1,"featured_media":0,"comment_status":"closed","ping_status":"open","sticky":false,"template":"","format":"standard","meta":[],"categories":[11,1],"tags":[],"_links":{"self":[{"href":"http:\/\/www.ralfkropp.de\/radreisen\/wordpress\/wp-json\/wp\/v2\/posts\/768"}],"collection":[{"href":"http:\/\/www.ralfkropp.de\/radreisen\/wordpress\/wp-json\/wp\/v2\/posts"}],"about":[{"href":"http:\/\/www.ralfkropp.de\/radreisen\/wordpress\/wp-json\/wp\/v2\/types\/post"}],"author":[{"embeddable":true,"href":"http:\/\/www.ralfkropp.de\/radreisen\/wordpress\/wp-json\/wp\/v2\/users\/1"}],"replies":[{"embeddable":true,"href":"http:\/\/www.ralfkropp.de\/radreisen\/wordpress\/wp-json\/wp\/v2\/comments?post=768"}],"version-history":[{"count":6,"href":"http:\/\/www.ralfkropp.de\/radreisen\/wordpress\/wp-json\/wp\/v2\/posts\/768\/revisions"}],"predecessor-version":[{"id":964,"href":"http:\/\/www.ralfkropp.de\/radreisen\/wordpress\/wp-json\/wp\/v2\/posts\/768\/revisions\/964"}],"wp:attachment":[{"href":"http:\/\/www.ralfkropp.de\/radreisen\/wordpress\/wp-json\/wp\/v2\/media?parent=768"}],"wp:term":[{"taxonomy":"category","embeddable":true,"href":"http:\/\/www.ralfkropp.de\/radreisen\/wordpress\/wp-json\/wp\/v2\/categories?post=768"},{"taxonomy":"post_tag","embeddable":true,"href":"http:\/\/www.ralfkropp.de\/radreisen\/wordpress\/wp-json\/wp\/v2\/tags?post=768"}],"curies":[{"name":"wp","href":"https:\/\/api.w.org\/{rel}","templated":true}]}}