{"id":770,"date":"2013-12-26T13:38:05","date_gmt":"2013-12-26T13:38:05","guid":{"rendered":"http:\/\/www.ralfkropp.de\/radreisen\/wordpress\/?p=770"},"modified":"2015-02-01T17:42:54","modified_gmt":"2015-02-01T17:42:54","slug":"nizwa-hatt","status":"publish","type":"post","link":"http:\/\/www.ralfkropp.de\/radreisen\/wordpress\/nizwa-hatt\/","title":{"rendered":"Nizwa &#8211; Hatt"},"content":{"rendered":"<p><iframe loading=\"lazy\" src=\"http:\/\/www.gpsies.com\/mapOnly.do?fileId=blwgezfbixxjtipz\" width=\"600\" height=\"400\" frameborder=\"0\" scrolling=\"no\" marginheight=\"0\" marginwidth=\"0\"><\/iframe><br \/>\nBesichtigen nochmal den Souq und das Fort.<a href=\"http:\/\/www.ralfkropp.de\/radreisen\/wordpress\/wp-content\/uploads\/2013\/12\/DSC00579-e1422811128874.jpg\"><img decoding=\"async\" loading=\"lazy\" src=\"http:\/\/www.ralfkropp.de\/radreisen\/wordpress\/wp-content\/uploads\/2013\/12\/DSC00579-300x200.jpg\" alt=\"DSC00579\" width=\"300\" height=\"200\" class=\"alignnone size-medium wp-image-940\" \/><\/a><a href=\"http:\/\/www.ralfkropp.de\/radreisen\/wordpress\/wp-content\/uploads\/2013\/12\/DSC00561-e1422811346317.jpg\"><img decoding=\"async\" loading=\"lazy\" src=\"http:\/\/www.ralfkropp.de\/radreisen\/wordpress\/wp-content\/uploads\/2013\/12\/DSC00561-300x200.jpg\" alt=\"DSC00561\" width=\"300\" height=\"200\" class=\"alignnone size-medium wp-image-941\" \/><\/a> Tauschen Geld und machen uns dann auf den Weg nach Hatt. Der erste Teil der Stra\u00dfe ist wieder der Horror. Wir weichen \u00f6fter auf den Standstreifen aus, der nicht geteert ist, oder nehmen aus Sicherheitsgr\u00fcnden eine Schotterpiste neben der Stra\u00dfe. Als die Stra\u00dfe nach Hatt abzweigt k\u00f6nnen wir das Radeln genie\u00dfen, da kaum Verkehr. Die steile Abk\u00fcrzung \u00fcber eine Schotterpiste sieht m\u00e4chtig steil aus und Sabine m\u00f6chte lieber den Umweg in Kauf nehmen. Schade.<a href=\"http:\/\/www.ralfkropp.de\/radreisen\/wordpress\/wp-content\/uploads\/2013\/12\/DSC00582-e1422811604397.jpg\"><img decoding=\"async\" loading=\"lazy\" src=\"http:\/\/www.ralfkropp.de\/radreisen\/wordpress\/wp-content\/uploads\/2013\/12\/DSC00582-300x200.jpg\" alt=\"DSC00582\" width=\"300\" height=\"200\" class=\"alignnone size-medium wp-image-942\" \/><\/a> Als der erste Anstieg kommt, kommt er auch gleich richtig. Steile lange Rampen, Serpentine auf Serpentine und nach jeder geht es immer weiter nach oben. Der erste Radler kommt uns entgegen. Ein Engl\u00e4nder der aus Muskat kommt. Er erz\u00e4hlt mir nicht gutes vom Verkehr auf den K\u00fcstenstra\u00dfen. Sabine habe ich schon den n\u00e4chsten Anstieg hochgeschickt und unterhalte mich noch lange mit dem Engl\u00e4nder \u00fcber sein und unser Erlebten, sowie \u00fcber unsere und seine Pl\u00e4ne. Gebe Gas und schlie\u00dfe wieder zu Sabine auf und zusammen nehmen wir den Pass wieder in Angriff.<a href=\"http:\/\/www.ralfkropp.de\/radreisen\/wordpress\/wp-content\/uploads\/2013\/12\/DSC00591-e1422811847943.jpg\"><img decoding=\"async\" loading=\"lazy\" src=\"http:\/\/www.ralfkropp.de\/radreisen\/wordpress\/wp-content\/uploads\/2013\/12\/DSC00591-300x200.jpg\" alt=\"DSC00591\" width=\"300\" height=\"200\" class=\"alignnone size-medium wp-image-943\" \/><\/a><a href=\"http:\/\/www.ralfkropp.de\/radreisen\/wordpress\/wp-content\/uploads\/2013\/12\/Anstieg-mitte-klein.jpg\"><img decoding=\"async\" loading=\"lazy\" src=\"http:\/\/www.ralfkropp.de\/radreisen\/wordpress\/wp-content\/uploads\/2013\/12\/Anstieg-mitte-klein-300x60.jpg\" alt=\"Anstieg mitte klein\" width=\"300\" height=\"60\" class=\"alignnone size-medium wp-image-947\" srcset=\"http:\/\/www.ralfkropp.de\/radreisen\/wordpress\/wp-content\/uploads\/2013\/12\/Anstieg-mitte-klein-300x60.jpg 300w, http:\/\/www.ralfkropp.de\/radreisen\/wordpress\/wp-content\/uploads\/2013\/12\/Anstieg-mitte-klein-1024x205.jpg 1024w, http:\/\/www.ralfkropp.de\/radreisen\/wordpress\/wp-content\/uploads\/2013\/12\/Anstieg-mitte-klein.jpg 1701w\" sizes=\"(max-width: 300px) 100vw, 300px\" \/><\/a> Die Sonne w\u00e4rmt uns bis sie untergeht, aber dann wird es schlagartig kalt.<a href=\"http:\/\/www.ralfkropp.de\/radreisen\/wordpress\/wp-content\/uploads\/2013\/12\/DSC00600-e1422812181649.jpg\"><img decoding=\"async\" loading=\"lazy\" src=\"http:\/\/www.ralfkropp.de\/radreisen\/wordpress\/wp-content\/uploads\/2013\/12\/DSC00600-300x200.jpg\" alt=\"DSC00600\" width=\"300\" height=\"200\" class=\"alignnone size-medium wp-image-945\" \/><\/a> Bitter kalt. Der Wind tut sein \u00fcbriges. F\u00fcr Sabine sind die Anstiege zu steil und sie muss \u00f6fter schieben. Ich laufe \u00f6fter zur\u00fcck und fahre ihr Rad dann den Abschnitt hoch. Das Al Hatta Resthouse ist unsere Rettung. Die Kr\u00e4fte sind in der K\u00e4lte einfach nicht mehr da und das Zelt aufbauen w\u00e4re sicherlich nicht die angenehmste L\u00f6sung. So haben wir eine warme Dusche und ein leckeres Abendbuffee. Essen dann auch bis die B\u00e4uche prall gef\u00fcllt sind.  <\/p>\n<div class=\"facebook-like\"><fb:like layout=\"standard\" show_faces=\"true\" href=\"http:\/\/www.ralfkropp.de\/radreisen\/wordpress\/nizwa-hatt\/\"><\/fb:like><\/div>","protected":false},"excerpt":{"rendered":"<p>Besichtigen nochmal den Souq und das Fort. Tauschen Geld und machen uns dann auf den Weg nach Hatt. Der erste Teil der Stra\u00dfe ist wieder der Horror. Wir weichen \u00f6fter auf den Standstreifen aus, der nicht geteert ist, oder nehmen [&hellip;] <a class=\"more-link\" href=\"http:\/\/www.ralfkropp.de\/radreisen\/wordpress\/nizwa-hatt\/\">Kompletten Beitrag lesen&#8230;<\/a><\/p>\n","protected":false},"author":1,"featured_media":0,"comment_status":"closed","ping_status":"open","sticky":false,"template":"","format":"standard","meta":[],"categories":[11,1],"tags":[],"_links":{"self":[{"href":"http:\/\/www.ralfkropp.de\/radreisen\/wordpress\/wp-json\/wp\/v2\/posts\/770"}],"collection":[{"href":"http:\/\/www.ralfkropp.de\/radreisen\/wordpress\/wp-json\/wp\/v2\/posts"}],"about":[{"href":"http:\/\/www.ralfkropp.de\/radreisen\/wordpress\/wp-json\/wp\/v2\/types\/post"}],"author":[{"embeddable":true,"href":"http:\/\/www.ralfkropp.de\/radreisen\/wordpress\/wp-json\/wp\/v2\/users\/1"}],"replies":[{"embeddable":true,"href":"http:\/\/www.ralfkropp.de\/radreisen\/wordpress\/wp-json\/wp\/v2\/comments?post=770"}],"version-history":[{"count":5,"href":"http:\/\/www.ralfkropp.de\/radreisen\/wordpress\/wp-json\/wp\/v2\/posts\/770\/revisions"}],"predecessor-version":[{"id":948,"href":"http:\/\/www.ralfkropp.de\/radreisen\/wordpress\/wp-json\/wp\/v2\/posts\/770\/revisions\/948"}],"wp:attachment":[{"href":"http:\/\/www.ralfkropp.de\/radreisen\/wordpress\/wp-json\/wp\/v2\/media?parent=770"}],"wp:term":[{"taxonomy":"category","embeddable":true,"href":"http:\/\/www.ralfkropp.de\/radreisen\/wordpress\/wp-json\/wp\/v2\/categories?post=770"},{"taxonomy":"post_tag","embeddable":true,"href":"http:\/\/www.ralfkropp.de\/radreisen\/wordpress\/wp-json\/wp\/v2\/tags?post=770"}],"curies":[{"name":"wp","href":"https:\/\/api.w.org\/{rel}","templated":true}]}}