{"id":818,"date":"2014-01-01T16:51:14","date_gmt":"2014-01-01T16:51:14","guid":{"rendered":"http:\/\/www.ralfkropp.de\/radreisen\/wordpress\/?p=818"},"modified":"2015-01-25T21:17:54","modified_gmt":"2015-01-25T21:17:54","slug":"bergtour-und-wadi-wanderung","status":"publish","type":"post","link":"http:\/\/www.ralfkropp.de\/radreisen\/wordpress\/bergtour-und-wadi-wanderung\/","title":{"rendered":"Bergtour und Wadi Wanderung"},"content":{"rendered":"<p>Ralf hat sich eine Strecke zum biken in den Bergen herausgesucht und ich geh zum Strand. Nachmittags wollen wir gemeinsam durch das Wadi Shab wandern. Ralf-> Nach kurzem flachen Abschnitt auf der K\u00fcstenstra\u00dfe geht es runter auf die Schotterpiste und zum steilen Anstieg den Berg hinauf. Es wird schnell sehr steil und obwohl ich kein Gep\u00e4ck dabei habe sto\u00dfe ich an meine Grenzen. Gott sei Dank sind die steilsten Passagen betoniert. Komme arg ins schwitzen und k\u00e4mpfe mich von einer Serpentine zur n\u00e4chsten. Der Ausblick aufs Meer wird immer besser je h\u00f6her ich komme. Irgendwann habe ich auch die Kante des Bergtablos erreicht. Komme zu einer H\u00fctte, wo ein kleines M\u00e4dchen barfuss \u00fcber die spitzen Steine l\u00e4uft. Es ist ziemlich kalt und das kleine M\u00e4dchen tut mir leid. Habe aber nichts was ich ihr schenken kann(schade).<a href=\"http:\/\/www.ralfkropp.de\/radreisen\/wordpress\/wp-content\/uploads\/2015\/01\/DSC00956.jpg\"><img decoding=\"async\" loading=\"lazy\" src=\"http:\/\/www.ralfkropp.de\/radreisen\/wordpress\/wp-content\/uploads\/2015\/01\/DSC00956-300x200.jpg\" alt=\"DSC00956\" width=\"300\" height=\"200\" class=\"alignnone size-medium wp-image-819\" \/><\/a><\/p>\n<p><a href=\"http:\/\/www.ralfkropp.de\/radreisen\/wordpress\/wp-content\/uploads\/2015\/01\/DSC00957.jpg\"><img decoding=\"async\" loading=\"lazy\" src=\"http:\/\/www.ralfkropp.de\/radreisen\/wordpress\/wp-content\/uploads\/2015\/01\/DSC00957-300x200.jpg\" alt=\"DSC00957\" width=\"300\" height=\"200\" class=\"alignnone size-medium wp-image-820\" \/><\/a> Gebe ihr einen Gel zum lutschen. Denke mir, was ist das f\u00fcr ein Unterschied zwischen Hinterland und den gro\u00dfen Stadten an der K\u00fcste, wo sie alle ziemlich Wohlhabend sind. Fahre noch bis zum n\u00e4chsten Ort, wo ich gehoft hatte, dass man mir zeigt wo ich dein Einstieg zu einer anderen Abfahrt finde. Doch Fehlanzeige, kaum jemand zeigt sich und die die ich anfreffe verstehen mich nicht. Also beschlie\u00dfe ich wieder zur\u00fcck zu fahren, um Sabine nicht all zu lange warten zu lassen. Wieder habe ich eine rasante Abfahrt und auch wieder reist mir ein Ventil ab. Schlauch wechseln und weiter gehts. Gut das es trocken ist auf den schottrigen steilen Passagen. Bei Sabine angekommen bringt uns gleich ein Boot auf die andere Seite des Wadis, wo der Wanderweg startet.<a href=\"http:\/\/www.ralfkropp.de\/radreisen\/wordpress\/wp-content\/uploads\/2015\/01\/DSC00933.jpg\"><img decoding=\"async\" loading=\"lazy\" src=\"http:\/\/www.ralfkropp.de\/radreisen\/wordpress\/wp-content\/uploads\/2015\/01\/DSC00933-300x200.jpg\" alt=\"DSC00933\" width=\"300\" height=\"200\" class=\"alignnone size-medium wp-image-827\" \/><\/a> Dort stehen noch die letzten umgeknickten Palmen vom Unwetter 2007. Es ist aber immer noch eine sch\u00f6ne Oase mit Palmen ud sehr gr\u00fcn.Wir durxchwandern das Wadi, durchqueren immer mal wieder Wasser auf schmalen Trampelwegen entlang der Felswand begleitet von Fanjas(Bew\u00e4sserungskan\u00e4le) und kleinen Wasserf\u00e4llen. Die Schlucht verengt sich immer mehr und es kommt eine Stelle wo viele Leute im Naturpool baden. Sabine wandert rechts an der Felswand weiter hoch um in die Schlucht herein schauen zu k\u00f6nnen und ich schwimme durch den Pool, bis ich an eine Stelle komme, wo es im ersten Eindruck nicht mehr weiter geht. <a href=\"http:\/\/www.ralfkropp.de\/radreisen\/wordpress\/wp-content\/uploads\/2015\/01\/DSC00968.jpg\"><img decoding=\"async\" loading=\"lazy\" src=\"http:\/\/www.ralfkropp.de\/radreisen\/wordpress\/wp-content\/uploads\/2015\/01\/DSC00968-300x200.jpg\" alt=\"DSC00968\" width=\"300\" height=\"200\" class=\"alignnone size-medium wp-image-825\" \/><\/a><\/p>\n<p><a href=\"http:\/\/www.ralfkropp.de\/radreisen\/wordpress\/wp-content\/uploads\/2015\/01\/DSC00970.jpg\"><img decoding=\"async\" loading=\"lazy\" src=\"http:\/\/www.ralfkropp.de\/radreisen\/wordpress\/wp-content\/uploads\/2015\/01\/DSC00970-300x200.jpg\" alt=\"DSC00970\" width=\"300\" height=\"200\" class=\"alignnone size-medium wp-image-826\" \/><\/a>Doch in dem kristalklaren blauen Wasser und dem ausgewaschenen Kalkstein f\u00fchrt eine Spalte in eine Grotte. Der Spalt ist oben so schmal, dass der Kopf nicht mehr durchpasst. Unten ist der Spalt beiter. Man kann durchtauchen und zum Luft holen den Mund an die Wasseroberfl\u00e4che strecken. Eine gro\u00dfe H\u00f6hle mit Wasserfall \u00f6ffnet sich vor mir. Dann geht es aber nict mehr weiter. V\u00f6llig begeistert komme ich nach Sabine zur\u00fcck. Anschlie\u00dfend fahren wir wieder nach Muskat zur\u00fcck, gehen lecker Essen und suchen uns ein Hotelzimmer in Mutrah am Fischsoug.  <\/p>\n<div class=\"facebook-like\"><fb:like layout=\"standard\" show_faces=\"true\" href=\"http:\/\/www.ralfkropp.de\/radreisen\/wordpress\/bergtour-und-wadi-wanderung\/\"><\/fb:like><\/div>","protected":false},"excerpt":{"rendered":"<p>Ralf hat sich eine Strecke zum biken in den Bergen herausgesucht und ich geh zum Strand. Nachmittags wollen wir gemeinsam durch das Wadi Shab wandern. Ralf-> Nach kurzem flachen Abschnitt auf der K\u00fcstenstra\u00dfe geht es runter auf die Schotterpiste und [&hellip;] <a class=\"more-link\" href=\"http:\/\/www.ralfkropp.de\/radreisen\/wordpress\/bergtour-und-wadi-wanderung\/\">Kompletten Beitrag lesen&#8230;<\/a><\/p>\n","protected":false},"author":1,"featured_media":0,"comment_status":"closed","ping_status":"open","sticky":false,"template":"","format":"standard","meta":[],"categories":[11,1],"tags":[],"_links":{"self":[{"href":"http:\/\/www.ralfkropp.de\/radreisen\/wordpress\/wp-json\/wp\/v2\/posts\/818"}],"collection":[{"href":"http:\/\/www.ralfkropp.de\/radreisen\/wordpress\/wp-json\/wp\/v2\/posts"}],"about":[{"href":"http:\/\/www.ralfkropp.de\/radreisen\/wordpress\/wp-json\/wp\/v2\/types\/post"}],"author":[{"embeddable":true,"href":"http:\/\/www.ralfkropp.de\/radreisen\/wordpress\/wp-json\/wp\/v2\/users\/1"}],"replies":[{"embeddable":true,"href":"http:\/\/www.ralfkropp.de\/radreisen\/wordpress\/wp-json\/wp\/v2\/comments?post=818"}],"version-history":[{"count":6,"href":"http:\/\/www.ralfkropp.de\/radreisen\/wordpress\/wp-json\/wp\/v2\/posts\/818\/revisions"}],"predecessor-version":[{"id":829,"href":"http:\/\/www.ralfkropp.de\/radreisen\/wordpress\/wp-json\/wp\/v2\/posts\/818\/revisions\/829"}],"wp:attachment":[{"href":"http:\/\/www.ralfkropp.de\/radreisen\/wordpress\/wp-json\/wp\/v2\/media?parent=818"}],"wp:term":[{"taxonomy":"category","embeddable":true,"href":"http:\/\/www.ralfkropp.de\/radreisen\/wordpress\/wp-json\/wp\/v2\/categories?post=818"},{"taxonomy":"post_tag","embeddable":true,"href":"http:\/\/www.ralfkropp.de\/radreisen\/wordpress\/wp-json\/wp\/v2\/tags?post=818"}],"curies":[{"name":"wp","href":"https:\/\/api.w.org\/{rel}","templated":true}]}}