{"id":830,"date":"2013-12-31T19:25:37","date_gmt":"2013-12-31T19:25:37","guid":{"rendered":"http:\/\/www.ralfkropp.de\/radreisen\/wordpress\/?p=830"},"modified":"2015-01-25T21:17:23","modified_gmt":"2015-01-25T21:17:23","slug":"muskat-tiwi","status":"publish","type":"post","link":"http:\/\/www.ralfkropp.de\/radreisen\/wordpress\/muskat-tiwi\/","title":{"rendered":"Muskat &#8211; Tiwi"},"content":{"rendered":"<p>Nach einem leckeren Fr\u00fchst\u00fcck mieten wir uns ein Auto um in Richtung Sur zu fahren. Da Sabine sich als Beifahrer mit Karten lesen schwer tut, fahren wir nach dem volltanken f\u00fcr 4 Rial erstmal in die falsche Richtung. Doch dann klappts doch und wir sehen schon die Sultan Quaboos Grand Moschee. Durch den Umweg sind wir sp\u00e4t dran. Um 10:50 stehen wir vor dem Eingang und werden nicht mehr eingelassen. Wir schauen uns die gepflegten Au\u00dfenanlagen an und finden eine Treppe auf der wir auf den inneren Bereich der Au\u00dfenanlage gelangen. Dies lohnt sich, denn es ist ziemlich beeindruckend wie der Marmor von Indern auf Hochglanz poliert wird. Marmor, Mosaike und T\u00fcrme und T\u00f6re sind ziemlich beeindruckend.<br \/>\n<a href=\"http:\/\/www.ralfkropp.de\/radreisen\/wordpress\/wp-content\/uploads\/2015\/01\/DSC00924.jpg\"><img decoding=\"async\" loading=\"lazy\" src=\"http:\/\/www.ralfkropp.de\/radreisen\/wordpress\/wp-content\/uploads\/2015\/01\/DSC00924-300x200.jpg\" alt=\"DSC00924\" width=\"300\" height=\"200\" class=\"alignnone size-medium wp-image-835\" \/><\/a><\/p>\n<p><a href=\"http:\/\/www.ralfkropp.de\/radreisen\/wordpress\/wp-content\/uploads\/2015\/01\/DSC00913.jpg\"><img decoding=\"async\" loading=\"lazy\" src=\"http:\/\/www.ralfkropp.de\/radreisen\/wordpress\/wp-content\/uploads\/2015\/01\/DSC00913-300x200.jpg\" alt=\"DSC00913\" width=\"300\" height=\"200\" class=\"alignnone size-medium wp-image-836\" \/><\/a> Doch schon bald werden wir h\u00f6flich gebeten das Gel\u00e4nde zu verlassen. Jetzt geht es Richtung Suhr. <a href=\"http:\/\/www.ralfkropp.de\/radreisen\/wordpress\/wp-content\/uploads\/2015\/01\/DSC00928.jpg\"><img decoding=\"async\" loading=\"lazy\" src=\"http:\/\/www.ralfkropp.de\/radreisen\/wordpress\/wp-content\/uploads\/2015\/01\/DSC00928-300x200.jpg\" alt=\"DSC00928\" width=\"300\" height=\"200\" class=\"alignnone size-medium wp-image-837\" \/><\/a><\/p>\n<p><a href=\"http:\/\/www.ralfkropp.de\/radreisen\/wordpress\/wp-content\/uploads\/2015\/01\/DSC00929.jpg\"><img decoding=\"async\" loading=\"lazy\" src=\"http:\/\/www.ralfkropp.de\/radreisen\/wordpress\/wp-content\/uploads\/2015\/01\/DSC00929-300x200.jpg\" alt=\"DSC00929\" width=\"300\" height=\"200\" class=\"alignnone size-medium wp-image-838\" \/><\/a>In Dibab fahren wir an den Strand und machen dann noch einen Abstecher nach Wadi Shab bei Tiwi. Der Blick von der Br\u00fccke ins Wadi beeindruckt uns und wir beschlie\u00dfen eine Tripp ins Wadi am n\u00e4chsten Tag. Kaufen Lebensmittel im Shop, der nur sp\u00e4rlich ausgestattet ist. Auch bei einer kleinen Mahlzeit merken wir das es ein verschlafenes Nest ist. Nur die Kartenspielenden M\u00e4nner am Stra\u00dfenrand geben einen Farbklex. Fahren zur\u00fcck an einen sch\u00f6nen Strand und bauen unser Zelt auf. Auch viele Einheimische zelten hier. Sabine sammelt Feuerholz, doch es reicht nicht lange und wir gehen schon fr\u00fch ins Bett.<br \/>\n<a href=\"http:\/\/www.ralfkropp.de\/radreisen\/wordpress\/wp-content\/uploads\/2015\/01\/DSC00935.jpg\"><img decoding=\"async\" loading=\"lazy\" src=\"http:\/\/www.ralfkropp.de\/radreisen\/wordpress\/wp-content\/uploads\/2015\/01\/DSC00935-300x200.jpg\" alt=\"DSC00935\" width=\"300\" height=\"200\" class=\"alignnone size-medium wp-image-839\" \/><\/a><\/p>\n<p><a href=\"http:\/\/www.ralfkropp.de\/radreisen\/wordpress\/wp-content\/uploads\/2015\/01\/DSC00938.jpg\"><img decoding=\"async\" loading=\"lazy\" src=\"http:\/\/www.ralfkropp.de\/radreisen\/wordpress\/wp-content\/uploads\/2015\/01\/DSC00938-300x200.jpg\" alt=\"DSC00938\" width=\"300\" height=\"200\" class=\"alignnone size-medium wp-image-840\" \/><\/a><a href=\"http:\/\/www.ralfkropp.de\/radreisen\/wordpress\/wp-content\/uploads\/2015\/01\/DSC00945.jpg\"><img decoding=\"async\" loading=\"lazy\" src=\"http:\/\/www.ralfkropp.de\/radreisen\/wordpress\/wp-content\/uploads\/2015\/01\/DSC00945-300x200.jpg\" alt=\"DSC00945\" width=\"300\" height=\"200\" class=\"alignnone size-medium wp-image-841\" \/><\/a><\/p>\n<div class=\"facebook-like\"><fb:like layout=\"standard\" show_faces=\"true\" href=\"http:\/\/www.ralfkropp.de\/radreisen\/wordpress\/muskat-tiwi\/\"><\/fb:like><\/div>","protected":false},"excerpt":{"rendered":"<p>Nach einem leckeren Fr\u00fchst\u00fcck mieten wir uns ein Auto um in Richtung Sur zu fahren. Da Sabine sich als Beifahrer mit Karten lesen schwer tut, fahren wir nach dem volltanken f\u00fcr 4 Rial erstmal in die falsche Richtung. Doch dann [&hellip;] <a class=\"more-link\" href=\"http:\/\/www.ralfkropp.de\/radreisen\/wordpress\/muskat-tiwi\/\">Kompletten Beitrag lesen&#8230;<\/a><\/p>\n","protected":false},"author":1,"featured_media":0,"comment_status":"closed","ping_status":"open","sticky":false,"template":"","format":"standard","meta":[],"categories":[11,1],"tags":[],"_links":{"self":[{"href":"http:\/\/www.ralfkropp.de\/radreisen\/wordpress\/wp-json\/wp\/v2\/posts\/830"}],"collection":[{"href":"http:\/\/www.ralfkropp.de\/radreisen\/wordpress\/wp-json\/wp\/v2\/posts"}],"about":[{"href":"http:\/\/www.ralfkropp.de\/radreisen\/wordpress\/wp-json\/wp\/v2\/types\/post"}],"author":[{"embeddable":true,"href":"http:\/\/www.ralfkropp.de\/radreisen\/wordpress\/wp-json\/wp\/v2\/users\/1"}],"replies":[{"embeddable":true,"href":"http:\/\/www.ralfkropp.de\/radreisen\/wordpress\/wp-json\/wp\/v2\/comments?post=830"}],"version-history":[{"count":5,"href":"http:\/\/www.ralfkropp.de\/radreisen\/wordpress\/wp-json\/wp\/v2\/posts\/830\/revisions"}],"predecessor-version":[{"id":842,"href":"http:\/\/www.ralfkropp.de\/radreisen\/wordpress\/wp-json\/wp\/v2\/posts\/830\/revisions\/842"}],"wp:attachment":[{"href":"http:\/\/www.ralfkropp.de\/radreisen\/wordpress\/wp-json\/wp\/v2\/media?parent=830"}],"wp:term":[{"taxonomy":"category","embeddable":true,"href":"http:\/\/www.ralfkropp.de\/radreisen\/wordpress\/wp-json\/wp\/v2\/categories?post=830"},{"taxonomy":"post_tag","embeddable":true,"href":"http:\/\/www.ralfkropp.de\/radreisen\/wordpress\/wp-json\/wp\/v2\/tags?post=830"}],"curies":[{"name":"wp","href":"https:\/\/api.w.org\/{rel}","templated":true}]}}