{"id":91,"date":"2011-12-15T10:47:53","date_gmt":"2011-12-15T10:47:53","guid":{"rendered":"http:\/\/www.ralfkropp.de\/radreisen\/wordpress\/?p=91"},"modified":"2020-11-18T13:18:19","modified_gmt":"2020-11-18T13:18:19","slug":"22-12-fahre-nach-tasmanien","status":"publish","type":"post","link":"http:\/\/www.ralfkropp.de\/radreisen\/wordpress\/22-12-fahre-nach-tasmanien\/","title":{"rendered":"22.12. F\u00e4hre nach Tasmanien"},"content":{"rendered":"<p>22.12.<\/p>\n<p>Fr\u00fch m\u00fcssen wir zur F\u00e4hre aufbrechen. Sind aber dann etwas zu fr\u00fch an der F\u00e4hre, da wir an der Autoschlange problemlos vorbeifahren k\u00f6nnen. So sind wir mit die ersten an Bord und suchen uns einen sch\u00f6nen Platz oben auf dem Deck. Die Skyline von Melbourn bleibt noch lange in Sicht. Eine Ulknudel aus Melbourne unterh\u00e4lt uns und den Rest um uns herum mit ihrer ausgelassenen Heiterkeit. Die Sonne brezelt vom Himmel und f\u00fcr einige kommt unsere Sonnenmilch schon zu sp\u00e4t. Delphine begleiten uns ein kleines St\u00fcck. Irgendwann kommt auch Tasmanien in Sicht. Werden noch mal auf Samen und Pflanzen kontrolliert, bevor wir unsere ersten Schritte auf Tasmanien setzen. Campingplatz liegt sch\u00f6n gelegen, vorgelagert am Leuchtturm.<\/p>\n<div class=\"facebook-like\"><fb:like layout=\"standard\" show_faces=\"true\" href=\"http:\/\/www.ralfkropp.de\/radreisen\/wordpress\/22-12-fahre-nach-tasmanien\/\"><\/fb:like><\/div>","protected":false},"excerpt":{"rendered":"<p>22.12. Fr\u00fch m\u00fcssen wir zur F\u00e4hre aufbrechen. Sind aber dann etwas zu fr\u00fch an der F\u00e4hre, da wir an der Autoschlange problemlos vorbeifahren k\u00f6nnen. So sind wir mit die ersten an Bord und suchen uns einen sch\u00f6nen Platz oben auf [&hellip;] <a class=\"more-link\" href=\"http:\/\/www.ralfkropp.de\/radreisen\/wordpress\/22-12-fahre-nach-tasmanien\/\">Kompletten Beitrag lesen&#8230;<\/a><\/p>\n","protected":false},"author":1,"featured_media":0,"comment_status":"open","ping_status":"open","sticky":false,"template":"","format":"standard","meta":[],"categories":[4],"tags":[],"_links":{"self":[{"href":"http:\/\/www.ralfkropp.de\/radreisen\/wordpress\/wp-json\/wp\/v2\/posts\/91"}],"collection":[{"href":"http:\/\/www.ralfkropp.de\/radreisen\/wordpress\/wp-json\/wp\/v2\/posts"}],"about":[{"href":"http:\/\/www.ralfkropp.de\/radreisen\/wordpress\/wp-json\/wp\/v2\/types\/post"}],"author":[{"embeddable":true,"href":"http:\/\/www.ralfkropp.de\/radreisen\/wordpress\/wp-json\/wp\/v2\/users\/1"}],"replies":[{"embeddable":true,"href":"http:\/\/www.ralfkropp.de\/radreisen\/wordpress\/wp-json\/wp\/v2\/comments?post=91"}],"version-history":[{"count":1,"href":"http:\/\/www.ralfkropp.de\/radreisen\/wordpress\/wp-json\/wp\/v2\/posts\/91\/revisions"}],"predecessor-version":[{"id":92,"href":"http:\/\/www.ralfkropp.de\/radreisen\/wordpress\/wp-json\/wp\/v2\/posts\/91\/revisions\/92"}],"wp:attachment":[{"href":"http:\/\/www.ralfkropp.de\/radreisen\/wordpress\/wp-json\/wp\/v2\/media?parent=91"}],"wp:term":[{"taxonomy":"category","embeddable":true,"href":"http:\/\/www.ralfkropp.de\/radreisen\/wordpress\/wp-json\/wp\/v2\/categories?post=91"},{"taxonomy":"post_tag","embeddable":true,"href":"http:\/\/www.ralfkropp.de\/radreisen\/wordpress\/wp-json\/wp\/v2\/tags?post=91"}],"curies":[{"name":"wp","href":"https:\/\/api.w.org\/{rel}","templated":true}]}}