{"id":93,"date":"2011-12-15T10:49:59","date_gmt":"2011-12-15T10:49:59","guid":{"rendered":"http:\/\/www.ralfkropp.de\/radreisen\/wordpress\/?p=93"},"modified":"2014-05-15T19:51:50","modified_gmt":"2014-05-15T19:51:50","slug":"23-12-devenport-sheffield-cradel-mountain","status":"publish","type":"post","link":"http:\/\/www.ralfkropp.de\/radreisen\/wordpress\/23-12-devenport-sheffield-cradel-mountain\/","title":{"rendered":"23.12. Devenport \u2013 Sheffield \u2013 Cradel Mountain"},"content":{"rendered":"<p>23.12. Devenport \u2013 Sheffield \u2013 Cradel Mountain<br \/>\n<iframe loading=\"lazy\" src=\"http:\/\/www.gpsies.com\/mapOnly.do?fileId=agbwoynxqbbpwmem\" width=\"600\" height=\"400\" frameborder=\"0\" scrolling=\"no\" marginheight=\"0\" marginwidth=\"0\"><\/iframe><\/p>\n<p><small><a style=\"color: #0000ff; text-align: left;\" href=\"http:\/\/maps.google.de\/maps?f=d&amp;source=embed&amp;saddr=Devonport,+Tasmanien,+Australien&amp;daddr=-41.22907,146.34578+to:-41.31813,146.32427+to:-41.35246,146.33515+to:Sheffield,+Tasmania,+Australia+to:Cradle+Mountain+Rd&amp;geocode=FXSii_0dlRG5CCnTlyQSAPF-qjEwD97QTckDBA%3BFfLkiv0dNA-5CClVFRIVVjR6qjExim68TckDEw%3BFQ6Jif0dLru4CCnbBGoYbUl6qjHAm268TckDEw%3BFfQCif0druW4CClbYZfFM096qjGQaqy8TckDEw%3BFeWOiP0dIb24CCnLONbNtUh6qjFw9N3QTckDBA%3BFbhRhf0dZLOyCA&amp;hl=de&amp;mra=dme&amp;mrsp=5&amp;sz=11&amp;via=1,2,3&amp;sll=-41.552783,146.017227&amp;sspn=0.384358,0.617294&amp;ie=UTF8&amp;ll=-41.325264,146.178589&amp;spn=0.721912,1.167297&amp;z=9\">Gr\u00f6\u00dfere Kartenansicht<\/a><\/small><\/p>\n<p>&nbsp;<\/p>\n<p><img decoding=\"async\" loading=\"lazy\" id=\"18359065\" title=\"\" src=\"http:\/\/www.livepages.de\/mediapool\/91\/913778\/resources\/18359065.png\" alt=\"\" width=\"220\" height=\"110\" border=\"0\" hspace=\"0\" vspace=\"0\" data-fcksavedurl=\"\/mediapool\/91\/913778\/resources\/18359065.png\" \/><\/p>\n<p>Starten fr\u00fch und m\u00fcssen gleich den ersten R\u00fcckschlag hinnehmen. Am ersten H\u00fcgel bricht das Klicki aus Sabines Schuh heraus und diese m\u00fcssen durch Wanderschuhe ersetzt werden. Dann geht\u2019s aber endlich los. Nach anf\u00e4nglichen starken Verkehr geht\u2019s \u00fcber einen H\u00fcgel mit wenig Verkehr. Uns aber noch zu viel. So nehmen wir noch mal eine Seitenstra\u00dfe,wo uns kaum noch ein Auto begegnet. Sehen gro\u00dfe Mohnfelder, bevor wir nach Sheffield einrauschen. Der Ort ist bekannt f\u00fcr seine bemalten alten H\u00e4user. Sieht aus wie eine alte Westernstadt und wieder landen wir in einem netten Cafe, wo alles mit sehr viel Liebe zubereitet wird. Decken uns mit Lebensmittel f\u00fcr die n\u00e4chsten Tage ein, denn morgen ist ja Heiligabend und im Cradle Mountain National Park gibt es auch nur einen Minimarkt auf dem Campingplatz. Haben eine ordentlichen Anstieg vor uns.<\/p>\n<p><img decoding=\"async\" loading=\"lazy\" id=\"17544756\" title=\"\" src=\"http:\/\/www.livepages.de\/mediapool\/91\/913778\/resources\/big_17544756_0_300-200.JPG\" alt=\"\" width=\"300\" height=\"200\" border=\"0\" hspace=\"0\" vspace=\"0\" data-fcksavedurl=\"\/mediapool\/91\/913778\/resources\/big_17544756_0_300-200.JPG\" \/><\/p>\n<p>Durch den kalten Gegenwind haben wir noch mehr zu k\u00e4mpfen. Sabine wechselt zwischenzeitlich auf eine Harley die allerdings nicht ganz fahrtauglich ist.<\/p>\n<p><img decoding=\"async\" loading=\"lazy\" id=\"17544753\" title=\"\" src=\"http:\/\/www.livepages.de\/mediapool\/91\/913778\/resources\/big_17544753_0_400-267.JPG\" alt=\"\" width=\"400\" height=\"267\" border=\"0\" hspace=\"0\" vspace=\"0\" data-fcksavedurl=\"\/mediapool\/91\/913778\/resources\/big_17544753_0_400-267.JPG\" \/><\/p>\n<p>Die Landschaft wechselt auf dem Weg nach oben. Der Weg zieht sich und ersch\u00f6pft erreichen wir den Nationalpark.<\/p>\n<p><img decoding=\"async\" loading=\"lazy\" id=\"17589132\" title=\"\" src=\"http:\/\/www.livepages.de\/mediapool\/91\/913778\/resources\/17589132.JPG\" alt=\"\" width=\"600\" height=\"400\" border=\"0\" hspace=\"0\" vspace=\"0\" data-fcksavedurl=\"\/mediapool\/91\/913778\/resources\/17589132.JPG\" \/><\/p>\n<p>Der Campingplatz ist eigentlich schon geschlossen, doch wir finden heraus das man noch klingeln darf. Uns wird ge\u00f6ffnet und ein Platz zugewiesen. Der Campingplatz Big4 ist 1. Klasse und hat eine gro\u00dfe K\u00fcche mit Herdplatten, Barbeque, Mikrowelle und sogar einen offenen Kamin zum heizen. Wir schlafen tief und fest.<\/p>\n<div class=\"facebook-like\"><fb:like layout=\"standard\" show_faces=\"true\" href=\"http:\/\/www.ralfkropp.de\/radreisen\/wordpress\/23-12-devenport-sheffield-cradel-mountain\/\"><\/fb:like><\/div>","protected":false},"excerpt":{"rendered":"<p>23.12. Devenport \u2013 Sheffield \u2013 Cradel Mountain Gr\u00f6\u00dfere Kartenansicht &nbsp; Starten fr\u00fch und m\u00fcssen gleich den ersten R\u00fcckschlag hinnehmen. Am ersten H\u00fcgel bricht das Klicki aus Sabines Schuh heraus und diese m\u00fcssen durch Wanderschuhe ersetzt werden. Dann geht\u2019s aber endlich [&hellip;] <a class=\"more-link\" href=\"http:\/\/www.ralfkropp.de\/radreisen\/wordpress\/23-12-devenport-sheffield-cradel-mountain\/\">Kompletten Beitrag lesen&#8230;<\/a><\/p>\n","protected":false},"author":1,"featured_media":0,"comment_status":"open","ping_status":"open","sticky":false,"template":"","format":"standard","meta":[],"categories":[4],"tags":[],"_links":{"self":[{"href":"http:\/\/www.ralfkropp.de\/radreisen\/wordpress\/wp-json\/wp\/v2\/posts\/93"}],"collection":[{"href":"http:\/\/www.ralfkropp.de\/radreisen\/wordpress\/wp-json\/wp\/v2\/posts"}],"about":[{"href":"http:\/\/www.ralfkropp.de\/radreisen\/wordpress\/wp-json\/wp\/v2\/types\/post"}],"author":[{"embeddable":true,"href":"http:\/\/www.ralfkropp.de\/radreisen\/wordpress\/wp-json\/wp\/v2\/users\/1"}],"replies":[{"embeddable":true,"href":"http:\/\/www.ralfkropp.de\/radreisen\/wordpress\/wp-json\/wp\/v2\/comments?post=93"}],"version-history":[{"count":6,"href":"http:\/\/www.ralfkropp.de\/radreisen\/wordpress\/wp-json\/wp\/v2\/posts\/93\/revisions"}],"predecessor-version":[{"id":702,"href":"http:\/\/www.ralfkropp.de\/radreisen\/wordpress\/wp-json\/wp\/v2\/posts\/93\/revisions\/702"}],"wp:attachment":[{"href":"http:\/\/www.ralfkropp.de\/radreisen\/wordpress\/wp-json\/wp\/v2\/media?parent=93"}],"wp:term":[{"taxonomy":"category","embeddable":true,"href":"http:\/\/www.ralfkropp.de\/radreisen\/wordpress\/wp-json\/wp\/v2\/categories?post=93"},{"taxonomy":"post_tag","embeddable":true,"href":"http:\/\/www.ralfkropp.de\/radreisen\/wordpress\/wp-json\/wp\/v2\/tags?post=93"}],"curies":[{"name":"wp","href":"https:\/\/api.w.org\/{rel}","templated":true}]}}