{"id":986,"date":"2015-04-28T20:34:26","date_gmt":"2015-04-28T20:34:26","guid":{"rendered":"http:\/\/www.ralfkropp.de\/radreisen\/wordpress\/?p=986"},"modified":"2017-01-27T16:38:47","modified_gmt":"2017-01-27T16:38:47","slug":"sri-lanka-radreise-2015","status":"publish","type":"post","link":"http:\/\/www.ralfkropp.de\/radreisen\/wordpress\/sri-lanka-radreise-2015\/","title":{"rendered":"11.03. &#8211; 31.03. Sri Lanka Radreise 2015"},"content":{"rendered":"<p><iframe loading=\"lazy\" src=\"http:\/\/www.gpsies.com\/mapOnly.do?fileId=uiqaanpovqjnmaoi\" width=\"600\" height=\"400\" frameborder=\"0\" scrolling=\"no\" marginheight=\"0\" marginwidth=\"0\"><\/iframe><br \/>\nDie Tage vor dem Urlaub sind wie jedesmal stre\u00dfig. Sabine ist nerv\u00f6s und ich zu gelassen. Wir geraten \u00f6fter aneinander. Es ist aber alles im gr\u00fcnen Bereich.<br \/>\nUm 8 Uhr gehts auf zum Frankfurter Flughafen. Sabine lade ich mit allem Gep\u00e4ck aus und bringe das Auto noch zum Holiday Parking. Bei der Gep\u00e4ckabgabe l\u00e4uft alles total unkompliziert, keine langen Schlangen und die R\u00e4der werden auch nicht mehr gewogen. H\u00e4tten also locker mehr mitnehmen k\u00f6nnen. Dass wir das nicht wussten, war aber gut, so musste sich Sabine beim packen einschr\u00e4nken und ich nicht so viel wieder aus sortieren.   <\/p>\n<div class=\"facebook-like\"><fb:like layout=\"standard\" show_faces=\"true\" href=\"http:\/\/www.ralfkropp.de\/radreisen\/wordpress\/sri-lanka-radreise-2015\/\"><\/fb:like><\/div>","protected":false},"excerpt":{"rendered":"<p>Die Tage vor dem Urlaub sind wie jedesmal stre\u00dfig. Sabine ist nerv\u00f6s und ich zu gelassen. Wir geraten \u00f6fter aneinander. Es ist aber alles im gr\u00fcnen Bereich. Um 8 Uhr gehts auf zum Frankfurter Flughafen. Sabine lade ich mit allem [&hellip;] <a class=\"more-link\" href=\"http:\/\/www.ralfkropp.de\/radreisen\/wordpress\/sri-lanka-radreise-2015\/\">Kompletten Beitrag lesen&#8230;<\/a><\/p>\n","protected":false},"author":1,"featured_media":0,"comment_status":"closed","ping_status":"open","sticky":false,"template":"","format":"standard","meta":[],"categories":[1,13],"tags":[],"_links":{"self":[{"href":"http:\/\/www.ralfkropp.de\/radreisen\/wordpress\/wp-json\/wp\/v2\/posts\/986"}],"collection":[{"href":"http:\/\/www.ralfkropp.de\/radreisen\/wordpress\/wp-json\/wp\/v2\/posts"}],"about":[{"href":"http:\/\/www.ralfkropp.de\/radreisen\/wordpress\/wp-json\/wp\/v2\/types\/post"}],"author":[{"embeddable":true,"href":"http:\/\/www.ralfkropp.de\/radreisen\/wordpress\/wp-json\/wp\/v2\/users\/1"}],"replies":[{"embeddable":true,"href":"http:\/\/www.ralfkropp.de\/radreisen\/wordpress\/wp-json\/wp\/v2\/comments?post=986"}],"version-history":[{"count":5,"href":"http:\/\/www.ralfkropp.de\/radreisen\/wordpress\/wp-json\/wp\/v2\/posts\/986\/revisions"}],"predecessor-version":[{"id":1076,"href":"http:\/\/www.ralfkropp.de\/radreisen\/wordpress\/wp-json\/wp\/v2\/posts\/986\/revisions\/1076"}],"wp:attachment":[{"href":"http:\/\/www.ralfkropp.de\/radreisen\/wordpress\/wp-json\/wp\/v2\/media?parent=986"}],"wp:term":[{"taxonomy":"category","embeddable":true,"href":"http:\/\/www.ralfkropp.de\/radreisen\/wordpress\/wp-json\/wp\/v2\/categories?post=986"},{"taxonomy":"post_tag","embeddable":true,"href":"http:\/\/www.ralfkropp.de\/radreisen\/wordpress\/wp-json\/wp\/v2\/tags?post=986"}],"curies":[{"name":"wp","href":"https:\/\/api.w.org\/{rel}","templated":true}]}}